{"id":53840,"date":"2021-10-12T23:47:00","date_gmt":"2021-10-13T02:47:00","guid":{"rendered":"http:\/\/informeformosa.com.ar\/?p=53840"},"modified":"2021-10-13T00:10:24","modified_gmt":"2021-10-13T03:10:24","slug":"santillan-se-refirio-a-su-candidatura-a-diputada-provincial-en-la-lista-del-frente-de-todos","status":"publish","type":"post","link":"http:\/\/informeformosa.com.ar\/?p=53840","title":{"rendered":"Santill\u00e1n se refiri\u00f3 a su candidatura a diputada provincial en la lista del Frente de Todos"},"content":{"rendered":"\n<p><em>Es de la ciudad de Clorinda y se ubica segunda en la n\u00f3mina que aspira a llegar a la Legislatura en las elecciones del domingo 14 de noviembre<\/em><\/p>\n\n\n\n<p>La profesora Azucena del Valle Santill\u00e1n, candidata a diputada provincial por el Frente de Todos, para las pr\u00f3ximas elecciones del 14 de noviembre en Formosa, se mostr\u00f3 muy sorprendida con su proclamaci\u00f3n por parte del Congreso del Partido Justicialista. \u201cQuiero que sepan que este espacio es todos y todas, pero en especial de la mujer formose\u00f1a\u201d, resalt\u00f3 desde la ciudad de Clorinda donde reside, en di\u00e1logo con AGENFOR.&nbsp;<\/p>\n\n\n\n<p>Ubicada en el segundo lugar de la n\u00f3mina detr\u00e1s del actual diputado Agust\u00edn Samaniego, la mujer que se desempe\u00f1a como directora zonal del Instituto de Artes Folcl\u00f3ricas en la segunda ciudad de la provincia, se\u00f1al\u00f3 que esa instituci\u00f3n le dio la posibilidad de ver \u201ccrecer a mi provincia\u201d de la mano del Modelo Formose\u00f1o.&nbsp;<\/p>\n\n\n\n<p>En ese sentido, puso de resalto que \u201cFormosa hoy se encuentra pujante\u201d, gracias a la gesti\u00f3n del gobernador Gildo Insfr\u00e1n, enmarcada en \u201cun modelo de inclusi\u00f3n, teniendo un basamento muy s\u00f3lido que estrat\u00e9gicamente articula pol\u00edticas en educaci\u00f3n, producci\u00f3n, trabajo, salud, y otros \u00e1mbitos, para que cada formose\u00f1o y formose\u00f1a pueda vivir con dignidad\u201d.&nbsp;<\/p>\n\n\n\n<p>En relaci\u00f3n a su militancia desde las filas del Justicialismo, con la conducci\u00f3n del senador nacional Jos\u00e9 Mayans, enfatiz\u00f3 que llegar a la Legislatura significa para ella \u201ccontinuar trabajando, desde otro \u00e1mbito, pero siempre con mucha responsabilidad y compromiso\u201d.&nbsp;<\/p>\n\n\n\n<p>Luego, refiri\u00e9ndose a la campa\u00f1a electoral en un contexto in\u00e9dito de pandemia, Santill\u00e1n hizo hincapi\u00e9 en se\u00f1alar que el coronavirus golpe\u00f3 al mundo entero, ya que las grandes potencias lo sufrieron. Sin embargo, trajo a la memoria que en Formosa gracias a las medidas acertadas se hab\u00eda cerrado el a\u00f1o 2020 teniendo un solo fallecido por COVID-19.&nbsp;<\/p>\n\n\n\n<p>Oposici\u00f3n<\/p>\n\n\n\n<p>\u201cPero despu\u00e9s por la irresponsabilidad de los actos promovidos desde la oposici\u00f3n, el virus se propag\u00f3 en la provincia, teniendo que lamentar miles de v\u00edctimas. En mi caso, me toc\u00f3 perder a un primo hermano\u201d, testimoni\u00f3.&nbsp;<\/p>\n\n\n\n<p>Y agreg\u00f3: \u201cSon tambi\u00e9n quienes fueron al oeste formose\u00f1o a inventar con un montaje de pel\u00edcula con supuestas mujeres embarazadas que se escond\u00edan en los montes, subestimando a los hermanos originarios\u201d.&nbsp;<\/p>\n\n\n\n<p>Ello demuestra que \u201ctodas las acciones de la oposici\u00f3n fueron promovidas con fines electoralistas\u201d, repudi\u00f3, pero al mismo tiempo razon\u00f3 que \u201ca la gente no se la puede confundir tan f\u00e1cilmente\u201d, al marcar que quienes hoy integran la lista del partido que representa al macrismo en la provincia, tiene \u201cal exjuez Fernando Carbajal, candidato a diputado nacional, y lleva como primera candidata a diputada provincial a una dirigente que traicion\u00f3 al Justicialismo (Gabriela Neme). Son los responsable de propagar el virus\u201d, repudi\u00f3.&nbsp;<\/p>\n\n\n\n<p>Categ\u00f3rica, reprob\u00f3 que a partir de los fallos que dictara Carbajal como magistrado en la Justicia Federal de Formosa, se \u201cvulneraron las barreras sanitarias impuestas en el territorio\u201d, por lo que pidi\u00f3 enf\u00e1ticamente \u201cno olvidar que ellos son los culpables\u201d.&nbsp;<\/p>\n\n\n\n<p>Adem\u00e1s, \u201cdefienden la gesti\u00f3n del expresidente Mauricio Macri\u201d, que dej\u00f3 al pa\u00eds \u201cuna deuda externa impagable con el Fondo Monetario Internacional (FMI)\u201d, fustig\u00f3.&nbsp;<\/p>\n\n\n\n<p>Por eso mismo exhort\u00f3 a la militancia que acompa\u00f1a al Frente de Todos a \u201ctomarnos el tiempo para hablar con la gente y explicarles qu\u00e9 vienen a buscar a Formosa dirigentes y funcionarios del PRO\u201d, como fue la reciente visita fugaz del jefe de Gobierno porte\u00f1o, Horacio Rodr\u00edguez Larreta.<\/p>\n","protected":false},"excerpt":{"rendered":"<p>Es de la ciudad de Clorinda y se ubica segunda en la n\u00f3mina que aspira a llegar a la Legislatura en las elecciones del domingo 14 de noviembre La profesora Azucena del Valle Santill\u00e1n, candidata a diputada provincial por el Frente de Todos, para las pr\u00f3ximas elecciones del 14 de noviembre en Formosa, se mostr\u00f3 [&hellip;]<\/p>\n","protected":false},"author":11,"featured_media":53847,"comment_status":"closed","ping_status":"closed","sticky":false,"template":"","format":"standard","meta":{"footnotes":""},"categories":[3],"tags":[],"class_list":["post-53840","post","type-post","status-publish","format-standard","has-post-thumbnail","hentry","category-politica-y-economia"],"_links":{"self":[{"href":"http:\/\/informeformosa.com.ar\/index.php?rest_route=\/wp\/v2\/posts\/53840","targetHints":{"allow":["GET"]}}],"collection":[{"href":"http:\/\/informeformosa.com.ar\/index.php?rest_route=\/wp\/v2\/posts"}],"about":[{"href":"http:\/\/informeformosa.com.ar\/index.php?rest_route=\/wp\/v2\/types\/post"}],"author":[{"embeddable":true,"href":"http:\/\/informeformosa.com.ar\/index.php?rest_route=\/wp\/v2\/users\/11"}],"replies":[{"embeddable":true,"href":"http:\/\/informeformosa.com.ar\/index.php?rest_route=%2Fwp%2Fv2%2Fcomments&post=53840"}],"version-history":[{"count":1,"href":"http:\/\/informeformosa.com.ar\/index.php?rest_route=\/wp\/v2\/posts\/53840\/revisions"}],"predecessor-version":[{"id":53848,"href":"http:\/\/informeformosa.com.ar\/index.php?rest_route=\/wp\/v2\/posts\/53840\/revisions\/53848"}],"wp:featuredmedia":[{"embeddable":true,"href":"http:\/\/informeformosa.com.ar\/index.php?rest_route=\/wp\/v2\/media\/53847"}],"wp:attachment":[{"href":"http:\/\/informeformosa.com.ar\/index.php?rest_route=%2Fwp%2Fv2%2Fmedia&parent=53840"}],"wp:term":[{"taxonomy":"category","embeddable":true,"href":"http:\/\/informeformosa.com.ar\/index.php?rest_route=%2Fwp%2Fv2%2Fcategories&post=53840"},{"taxonomy":"post_tag","embeddable":true,"href":"http:\/\/informeformosa.com.ar\/index.php?rest_route=%2Fwp%2Fv2%2Ftags&post=53840"}],"curies":[{"name":"wp","href":"https:\/\/api.w.org\/{rel}","templated":true}]}}