{"id":53838,"date":"2021-10-12T23:47:00","date_gmt":"2021-10-13T02:47:00","guid":{"rendered":"http:\/\/informeformosa.com.ar\/?p=53838"},"modified":"2021-10-13T00:06:48","modified_gmt":"2021-10-13T03:06:48","slug":"destacan-el-actual-contexto-epidemiologico-de-formosa","status":"publish","type":"post","link":"http:\/\/informeformosa.com.ar\/?p=53838","title":{"rendered":"Destacan el actual contexto epidemiol\u00f3gico de Formosa"},"content":{"rendered":"\n<p>El doctor Hugo Bareiro, director de la Unidad de Pronta Atenci\u00f3n de la Contingencia (UPAC), subray\u00f3 que \u201ces verdaderamente alentador\u201d el contexto epidemiol\u00f3gico actual de la provincia de Formosa.&nbsp;<\/p>\n\n\n\n<p>\u201cSentimos un gran alivio y por qu\u00e9 no felicidad al ver los resultados que estamos teniendo en toda la provincia\u201d, destac\u00f3 el especialista en declaraciones a la <strong><em>Agencia de Noticias Formosa (AGENFOR).<\/em><\/strong>&nbsp;<\/p>\n\n\n\n<p>Y puso de resalto que \u201cya van dos semanas donde tenemos baj\u00edsimos n\u00fameros de contagios de COVID-19, muy pocos fallecidos y casi ning\u00fan paciente internado en estado cr\u00edtico\u201d.&nbsp;<\/p>\n\n\n\n<p>\u201cEsto es verdaderamente alentador porque podemos ir pensando en una etapa de afrontar una nueva realidad, gracias a la vacunaci\u00f3n prolija y equitativa desarrollada en toda la provincia y al esfuerzo inmenso del Gobierno provincial\u201d, dijo.&nbsp;<\/p>\n\n\n\n<p>Subray\u00f3 que esto llev\u00f3 a que hoy \u201ctengamos casi el 70% de la poblaci\u00f3n vacunada con dos dosis\u201d, estimando que en las pr\u00f3ximas dos semanas \u201cestaremos adquiriendo la inmunidad de reba\u00f1o\u201d, lo cual ponder\u00f3 como \u201cun hecho auspicioso\u201d.&nbsp;<\/p>\n\n\n\n<p>\u201cTodo esto parec\u00eda lejano, pero estamos observando con felicidad y tranquilidad que nuestra poblaci\u00f3n tiene otro esp\u00edritu, otro \u00e1nimo, la luz en los rostros de los formose\u00f1os pinta de otro color\u201d, acentu\u00f3 el facultativo.&nbsp;<\/p>\n\n\n\n<p>Consider\u00f3 que ello \u201cnos va a ayudar a enfrentar la etapa de la recuperaci\u00f3n tanto de la actividad econ\u00f3mica y productiva, como la educativa, donde la salud va a ocupar el rol que normalmente tiene: prevenir y atender las complicaciones m\u00e1s comunes de los formose\u00f1os\u201d.&nbsp;<\/p>\n\n\n\n<p><strong>Comunidad organizada&nbsp;<\/strong><\/p>\n\n\n\n<p>\u201cSin la participaci\u00f3n de la comunidad no podr\u00edamos sostener los resultados de contenci\u00f3n que tuvimos\u201d, hizo notar a esta Agencia el doctor Bareiro.&nbsp;<\/p>\n\n\n\n<p>Record\u00f3 que \u201chasta fines del a\u00f1o pasado ten\u00edamos muy pocos casos de contagiados y un solo fallecido\u201d, pero luego, tras los fallos judiciales que permitieron el ingreso masivo, no a trav\u00e9s del programa ordenado, y las marchas opositoras, dicho cuadro de situaci\u00f3n cambi\u00f3 radicalmente: se dispararon los casos positivos, al igual que las muertes.&nbsp;<\/p>\n\n\n\n<p>\u201cY fue la participaci\u00f3n ciudadana, en un porcentaje muy elevado, el elemento sustancial para modificar eso porque cumpli\u00f3 las medidas sanitarias y fue a vacunarse porque cree y conf\u00eda en las vacunas. Los resultados est\u00e1n a la vista. La \u00fanica verdad es la realidad\u201d, cerr\u00f3 contundente.&nbsp;&nbsp;<\/p>\n","protected":false},"excerpt":{"rendered":"<p>El doctor Hugo Bareiro, director de la Unidad de Pronta Atenci\u00f3n de la Contingencia (UPAC), subray\u00f3 que \u201ces verdaderamente alentador\u201d el contexto epidemiol\u00f3gico actual de la provincia de Formosa.&nbsp; \u201cSentimos un gran alivio y por qu\u00e9 no felicidad al ver los resultados que estamos teniendo en toda la provincia\u201d, destac\u00f3 el especialista en declaraciones a [&hellip;]<\/p>\n","protected":false},"author":11,"featured_media":53843,"comment_status":"closed","ping_status":"closed","sticky":false,"template":"","format":"standard","meta":{"footnotes":""},"categories":[12],"tags":[],"class_list":["post-53838","post","type-post","status-publish","format-standard","has-post-thumbnail","hentry","category-salud"],"_links":{"self":[{"href":"http:\/\/informeformosa.com.ar\/index.php?rest_route=\/wp\/v2\/posts\/53838","targetHints":{"allow":["GET"]}}],"collection":[{"href":"http:\/\/informeformosa.com.ar\/index.php?rest_route=\/wp\/v2\/posts"}],"about":[{"href":"http:\/\/informeformosa.com.ar\/index.php?rest_route=\/wp\/v2\/types\/post"}],"author":[{"embeddable":true,"href":"http:\/\/informeformosa.com.ar\/index.php?rest_route=\/wp\/v2\/users\/11"}],"replies":[{"embeddable":true,"href":"http:\/\/informeformosa.com.ar\/index.php?rest_route=%2Fwp%2Fv2%2Fcomments&post=53838"}],"version-history":[{"count":1,"href":"http:\/\/informeformosa.com.ar\/index.php?rest_route=\/wp\/v2\/posts\/53838\/revisions"}],"predecessor-version":[{"id":53844,"href":"http:\/\/informeformosa.com.ar\/index.php?rest_route=\/wp\/v2\/posts\/53838\/revisions\/53844"}],"wp:featuredmedia":[{"embeddable":true,"href":"http:\/\/informeformosa.com.ar\/index.php?rest_route=\/wp\/v2\/media\/53843"}],"wp:attachment":[{"href":"http:\/\/informeformosa.com.ar\/index.php?rest_route=%2Fwp%2Fv2%2Fmedia&parent=53838"}],"wp:term":[{"taxonomy":"category","embeddable":true,"href":"http:\/\/informeformosa.com.ar\/index.php?rest_route=%2Fwp%2Fv2%2Fcategories&post=53838"},{"taxonomy":"post_tag","embeddable":true,"href":"http:\/\/informeformosa.com.ar\/index.php?rest_route=%2Fwp%2Fv2%2Ftags&post=53838"}],"curies":[{"name":"wp","href":"https:\/\/api.w.org\/{rel}","templated":true}]}}