{"id":53821,"date":"2021-10-11T22:32:19","date_gmt":"2021-10-12T01:32:19","guid":{"rendered":"http:\/\/informeformosa.com.ar\/?p=53821"},"modified":"2021-10-11T22:32:21","modified_gmt":"2021-10-12T01:32:21","slug":"capital-el-fdt-lleva-a-petu-arganaraz-y-marcelo-sosa-como-candidatos-al-hcd","status":"publish","type":"post","link":"http:\/\/informeformosa.com.ar\/?p=53821","title":{"rendered":"Capital: El FdT lleva a \u201cPetu\u201d Arga\u00f1araz y Marcelo Sosa como candidatos al HCD"},"content":{"rendered":"\n<p>El sublema Frente de Todos del Partido Justicialista inscribi\u00f3 a Mar\u00eda del Carmen \u201cPetu\u201d Arga\u00f1araz, referente de \u201cCompromiso Formose\u00f1o\u201d, y Marcelo Sosa, dirigente de la 17 Militante, como candidatos a concejales en Formosa Capital.&nbsp;<\/p>\n\n\n\n<p>Los titulares son: Mar\u00eda del Carmen \u201cPetu\u201d Arga\u00f1araz, Marcelo Sosa, Juana Elsa Fern\u00e1ndez, Luis Ram\u00f3n L\u00f3pez, Susana Estela Avalos y Carlos Santiago Flores.&nbsp;<\/p>\n\n\n\n<p>En tanto, los suplentes: Grisel Noem\u00ed Cardozo, Fernando Javier Santander, Karen Viviana Ib\u00e1\u00f1ez y Omar Fabricio G\u00f3mez Navarro.&nbsp;<\/p>\n\n\n\n<p>En declaraciones recogidas por <strong>AGENFOR,<\/strong> Arga\u00f1araz indic\u00f3: \u201cNuestro sincero y m\u00e1s comprometido agradecimiento con el compa\u00f1ero gobernador Gildo Insfr\u00e1n, conductor de nuestro movimiento, as\u00ed como con cada compa\u00f1ero y compa\u00f1era, por la confianza y el apoyo para integrar la lista del Frente de Todos, para representar al Modelo Formose\u00f1o y defender todos unidos en el Concejo Deliberante los intereses de los vecinos y las vecinas de nuestra querida ciudad capital\u201d.&nbsp;<\/p>\n\n\n\n<p>\u201cAsumimos con incondicional convicci\u00f3n esta distinci\u00f3n partidaria, movilizados con el inclaudicable objetivo de profundizar un modelo provincial y popular que garantiza la felicidad del pueblo y la realizaci\u00f3n de su gente en su propia tierra\u201d, subray\u00f3 por \u00faltimo.<\/p>\n","protected":false},"excerpt":{"rendered":"<p>El sublema Frente de Todos del Partido Justicialista inscribi\u00f3 a Mar\u00eda del Carmen \u201cPetu\u201d Arga\u00f1araz, referente de \u201cCompromiso Formose\u00f1o\u201d, y Marcelo Sosa, dirigente de la 17 Militante, como candidatos a concejales en Formosa Capital.&nbsp; Los titulares son: Mar\u00eda del Carmen \u201cPetu\u201d Arga\u00f1araz, Marcelo Sosa, Juana Elsa Fern\u00e1ndez, Luis Ram\u00f3n L\u00f3pez, Susana Estela Avalos y Carlos [&hellip;]<\/p>\n","protected":false},"author":11,"featured_media":53827,"comment_status":"closed","ping_status":"closed","sticky":false,"template":"","format":"standard","meta":{"footnotes":""},"categories":[3],"tags":[],"class_list":["post-53821","post","type-post","status-publish","format-standard","has-post-thumbnail","hentry","category-politica-y-economia"],"_links":{"self":[{"href":"http:\/\/informeformosa.com.ar\/index.php?rest_route=\/wp\/v2\/posts\/53821","targetHints":{"allow":["GET"]}}],"collection":[{"href":"http:\/\/informeformosa.com.ar\/index.php?rest_route=\/wp\/v2\/posts"}],"about":[{"href":"http:\/\/informeformosa.com.ar\/index.php?rest_route=\/wp\/v2\/types\/post"}],"author":[{"embeddable":true,"href":"http:\/\/informeformosa.com.ar\/index.php?rest_route=\/wp\/v2\/users\/11"}],"replies":[{"embeddable":true,"href":"http:\/\/informeformosa.com.ar\/index.php?rest_route=%2Fwp%2Fv2%2Fcomments&post=53821"}],"version-history":[{"count":1,"href":"http:\/\/informeformosa.com.ar\/index.php?rest_route=\/wp\/v2\/posts\/53821\/revisions"}],"predecessor-version":[{"id":53828,"href":"http:\/\/informeformosa.com.ar\/index.php?rest_route=\/wp\/v2\/posts\/53821\/revisions\/53828"}],"wp:featuredmedia":[{"embeddable":true,"href":"http:\/\/informeformosa.com.ar\/index.php?rest_route=\/wp\/v2\/media\/53827"}],"wp:attachment":[{"href":"http:\/\/informeformosa.com.ar\/index.php?rest_route=%2Fwp%2Fv2%2Fmedia&parent=53821"}],"wp:term":[{"taxonomy":"category","embeddable":true,"href":"http:\/\/informeformosa.com.ar\/index.php?rest_route=%2Fwp%2Fv2%2Fcategories&post=53821"},{"taxonomy":"post_tag","embeddable":true,"href":"http:\/\/informeformosa.com.ar\/index.php?rest_route=%2Fwp%2Fv2%2Ftags&post=53821"}],"curies":[{"name":"wp","href":"https:\/\/api.w.org\/{rel}","templated":true}]}}