{"id":53819,"date":"2021-10-11T22:31:27","date_gmt":"2021-10-12T01:31:27","guid":{"rendered":"http:\/\/informeformosa.com.ar\/?p=53819"},"modified":"2021-10-11T22:31:29","modified_gmt":"2021-10-12T01:31:29","slug":"rodriguez-venimos-con-muy-buenas-semanas-epidemiologicas","status":"publish","type":"post","link":"http:\/\/informeformosa.com.ar\/?p=53819","title":{"rendered":"Rodr\u00edguez: \u201cVenimos con muy buenas semanas epidemiol\u00f3gicas\u201d"},"content":{"rendered":"\n<p>La doctora Claudia Rodr\u00edguez, directora de Epidemiolog\u00eda, aludi\u00f3 al actual contexto sanitario de la provincia y el escenario de \u201cnueva normalidad\u201d que se vive merced a la protecci\u00f3n de la poblaci\u00f3n a trav\u00e9s de la \u201chist\u00f3rica\u201d vacunaci\u00f3n contra el COVID-19 y las medidas implementadas.&nbsp;<\/p>\n\n\n\n<p>\u201cVenimos con muy buenas semanas epidemiol\u00f3gicas, en un continuo descenso de casos positivos de COVID-19\u201d, puso de resalto la especialista en declaraciones a <strong>AGENFOR.<\/strong>&nbsp;<\/p>\n\n\n\n<p>Hizo notar que la baja sostenida de los contagios y los fallecimientos \u201cson logros de todos, gracias a las medidas sanitarias, al cumplimiento de la gente de las mismas y por supuesto, en un gran porcentaje, por la vacunaci\u00f3n que se viene llevando a cabo en la provincia a pasos agigantados\u201d.&nbsp;<\/p>\n\n\n\n<p>\u201cRealmente es una campa\u00f1a de vacunaci\u00f3n hist\u00f3rica en el territorio formose\u00f1o\u201d, subray\u00f3 categ\u00f3rica.&nbsp;<\/p>\n\n\n\n<p>En ese sentido, acentu\u00f3 que \u201cse trabaj\u00f3 arduamente\u201d para poder llegar al cuadro de situaci\u00f3n actual, marcando el contraste entre lo que se vive hoy y la semana epidemiol\u00f3gica del 20 de mayo pasado, cuando se report\u00f3 la cifra m\u00e1s alta de casos positivos de coronavirus en la provincia. \u201cEn la ciudad capital, en esa semana, llegamos a tener 888 casos\u201d, record\u00f3.&nbsp;<\/p>\n\n\n\n<p>Para revertir ello, \u201cno s\u00f3lo se trabaj\u00f3 en salud, sino tambi\u00e9n en seguridad, educaci\u00f3n y desde todos los lugares, aportando para poder llegar a la situaci\u00f3n epidemiol\u00f3gica que tenemos hoy\u201d, signific\u00f3.&nbsp;<\/p>\n\n\n\n<p>Adem\u00e1s mencion\u00f3 a \u201cla vigilancia intensificada que se sigui\u00f3 haciendo\u201d que tambi\u00e9n llev\u00f3 a \u201cdemorar el ingreso de la variante Delta\u201d.&nbsp;<\/p>\n\n\n\n<p>\u201cLos cuidados que hacemos individualmente tienen su reflejo en lo social y eso se ve hoy en los n\u00fameros\u201d, remarc\u00f3.&nbsp;<\/p>\n\n\n\n<p>Para finalizar, dej\u00f3 en claro ante esta Agencia que \u201cla pandemia no termin\u00f3, ni ac\u00e1 ni en el mundo\u201d, por lo que inst\u00f3 a \u201cno relajarse\u201d en el cumplimiento de las medidas sanitarias.&nbsp;<\/p>\n\n\n\n<p>\u201cEs fundamental que sigamos usando el barbijo en forma obligatoria, no nos relajemos en eso. Y debe estar bien puesto, tapando nariz, boca y ment\u00f3n\u201d, recalc\u00f3 y a su vez hizo hincapi\u00e9 en el distanciamiento social.&nbsp;<\/p>\n\n\n\n<p>\u201cEsas son las dos medidas b\u00e1sicas que hoy por hoy tenemos que seguir cumpliendo porque gracias a ellas, ayudadas con la vacunaci\u00f3n, vamos a poder mantener este estatus sanitario que tenemos en Formosa\u201d, cerr\u00f3.<\/p>\n","protected":false},"excerpt":{"rendered":"<p>La doctora Claudia Rodr\u00edguez, directora de Epidemiolog\u00eda, aludi\u00f3 al actual contexto sanitario de la provincia y el escenario de \u201cnueva normalidad\u201d que se vive merced a la protecci\u00f3n de la poblaci\u00f3n a trav\u00e9s de la \u201chist\u00f3rica\u201d vacunaci\u00f3n contra el COVID-19 y las medidas implementadas.&nbsp; \u201cVenimos con muy buenas semanas epidemiol\u00f3gicas, en un continuo descenso de [&hellip;]<\/p>\n","protected":false},"author":11,"featured_media":53825,"comment_status":"closed","ping_status":"closed","sticky":false,"template":"","format":"standard","meta":{"footnotes":""},"categories":[2],"tags":[],"class_list":["post-53819","post","type-post","status-publish","format-standard","has-post-thumbnail","hentry","category-locales"],"_links":{"self":[{"href":"http:\/\/informeformosa.com.ar\/index.php?rest_route=\/wp\/v2\/posts\/53819","targetHints":{"allow":["GET"]}}],"collection":[{"href":"http:\/\/informeformosa.com.ar\/index.php?rest_route=\/wp\/v2\/posts"}],"about":[{"href":"http:\/\/informeformosa.com.ar\/index.php?rest_route=\/wp\/v2\/types\/post"}],"author":[{"embeddable":true,"href":"http:\/\/informeformosa.com.ar\/index.php?rest_route=\/wp\/v2\/users\/11"}],"replies":[{"embeddable":true,"href":"http:\/\/informeformosa.com.ar\/index.php?rest_route=%2Fwp%2Fv2%2Fcomments&post=53819"}],"version-history":[{"count":1,"href":"http:\/\/informeformosa.com.ar\/index.php?rest_route=\/wp\/v2\/posts\/53819\/revisions"}],"predecessor-version":[{"id":53826,"href":"http:\/\/informeformosa.com.ar\/index.php?rest_route=\/wp\/v2\/posts\/53819\/revisions\/53826"}],"wp:featuredmedia":[{"embeddable":true,"href":"http:\/\/informeformosa.com.ar\/index.php?rest_route=\/wp\/v2\/media\/53825"}],"wp:attachment":[{"href":"http:\/\/informeformosa.com.ar\/index.php?rest_route=%2Fwp%2Fv2%2Fmedia&parent=53819"}],"wp:term":[{"taxonomy":"category","embeddable":true,"href":"http:\/\/informeformosa.com.ar\/index.php?rest_route=%2Fwp%2Fv2%2Fcategories&post=53819"},{"taxonomy":"post_tag","embeddable":true,"href":"http:\/\/informeformosa.com.ar\/index.php?rest_route=%2Fwp%2Fv2%2Ftags&post=53819"}],"curies":[{"name":"wp","href":"https:\/\/api.w.org\/{rel}","templated":true}]}}