{"id":53818,"date":"2021-10-11T22:30:03","date_gmt":"2021-10-12T01:30:03","guid":{"rendered":"http:\/\/informeformosa.com.ar\/?p=53818"},"modified":"2021-10-11T22:30:06","modified_gmt":"2021-10-12T01:30:06","slug":"gracias-al-buen-contexto-epidemiologico-aumentaron-las-atenciones-y-cirugias-en-el-hospital-central","status":"publish","type":"post","link":"http:\/\/informeformosa.com.ar\/?p=53818","title":{"rendered":"Gracias al buen contexto epidemiol\u00f3gico, aumentaron las atenciones y cirug\u00edas en el Hospital Central"},"content":{"rendered":"\n<p><em>El director adjunto del Hospital Central de Formosa, el doctor Lorenzo Lezcano, se refiri\u00f3 a la modalidad de turnos para atenci\u00f3n y cirug\u00edas en dicho nosocomio, que se encuentra vigente desde el pasado 4 de octubre.<\/em><\/p>\n\n\n\n<p>En declaraciones recogidas por <strong>AGENFOR,<\/strong> inform\u00f3 que la atenci\u00f3n ser\u00e1 por la ma\u00f1ana y la tarde, resaltando que esta idea naci\u00f3 del doctor Mario Romero Bruno, director del establecimiento de salud. \u201cSe dispuso un aumento del 50% de los turnos para tratar de abarcar el aumento de la demanda\u201d, sostuvo.&nbsp;<\/p>\n\n\n\n<p>Continu\u00f3 explicando que durante la pandemia, a pesar de que el Hospital iba cubriendo las otras patolog\u00edas prevalentes, pr\u00e1cticamente se aboc\u00f3 a la atenci\u00f3n COVID-19.&nbsp;<\/p>\n\n\n\n<p>\u201cAhora, gracias a la vacunaci\u00f3n masiva, el contexto epidemiol\u00f3gico mejor\u00f3 y podemos volver a dedicarnos a lo de siempre\u201d, subray\u00f3 el facultativo.&nbsp;<\/p>\n\n\n\n<p>En relaci\u00f3n a las cirug\u00edas, especific\u00f3 que al igual que las atenciones m\u00e9dicas ser\u00e1n por la ma\u00f1ana y por la tarde. \u201cCon el objetivo de cubrir la demanda, se va a empezar a operar a la tarde. No es una tarea f\u00e1cil, pero estamos trabajando en eso\u201d, indic\u00f3.<\/p>\n\n\n\n<p>Adem\u00e1s, coment\u00f3 que antes \u201cno cont\u00e1bamos con una gran capacidad de camas y ahora tenemos 160 disponibles y es por eso que podemos aumentar el cupo\u201d.&nbsp;&nbsp;<\/p>\n\n\n\n<p>En este contexto, resalt\u00f3 el equipamiento que el Gobierno provincial brind\u00f3 al nosocomio desde el inicio de la pandemia y subray\u00f3 que es por este motivo que \u201cvamos a sacarle el mayor provecho, brindando m\u00e1s atenciones\u201d.&nbsp;<\/p>\n\n\n\n<p>Inform\u00f3 que antes se daban turnos una sola vez al mes, lo que generaba que la demanda sea extensa, no obstante a partir de ahora se expedir\u00e1n diariamente desde las 7 a 18.30 horas en el sector de admisi\u00f3n de los consultorios externos.&nbsp;<\/p>\n\n\n\n<p>Dichos turnos ser\u00e1n otorgados para el d\u00eda h\u00e1bil siguiente a la solicitud, inform\u00f3 el doctor Lezcano.&nbsp;<\/p>\n\n\n\n<p>Y para finalizar, ponder\u00f3 a la acertada campa\u00f1a de vacunaci\u00f3n que se viene desarrollando en la provincia. \u201cAparte de la prioridad que el Gobierno provincial le dio a la salud, el plan de vacunaci\u00f3n masiva influy\u00f3 much\u00edsimo en la mejor\u00eda del sistema sanitario\u201d, acentu\u00f3.&nbsp;<\/p>\n\n\n\n<p>Gracias a ello, hoy \u201cel Hospital Central vuelve a ser un centro de derivaci\u00f3n y a atender los pacientes de la zona\u201d, concluy\u00f3.<\/p>\n","protected":false},"excerpt":{"rendered":"<p>El director adjunto del Hospital Central de Formosa, el doctor Lorenzo Lezcano, se refiri\u00f3 a la modalidad de turnos para atenci\u00f3n y cirug\u00edas en dicho nosocomio, que se encuentra vigente desde el pasado 4 de octubre. En declaraciones recogidas por AGENFOR, inform\u00f3 que la atenci\u00f3n ser\u00e1 por la ma\u00f1ana y la tarde, resaltando que esta [&hellip;]<\/p>\n","protected":false},"author":11,"featured_media":53823,"comment_status":"closed","ping_status":"closed","sticky":false,"template":"","format":"standard","meta":{"footnotes":""},"categories":[12],"tags":[],"class_list":["post-53818","post","type-post","status-publish","format-standard","has-post-thumbnail","hentry","category-salud"],"_links":{"self":[{"href":"http:\/\/informeformosa.com.ar\/index.php?rest_route=\/wp\/v2\/posts\/53818","targetHints":{"allow":["GET"]}}],"collection":[{"href":"http:\/\/informeformosa.com.ar\/index.php?rest_route=\/wp\/v2\/posts"}],"about":[{"href":"http:\/\/informeformosa.com.ar\/index.php?rest_route=\/wp\/v2\/types\/post"}],"author":[{"embeddable":true,"href":"http:\/\/informeformosa.com.ar\/index.php?rest_route=\/wp\/v2\/users\/11"}],"replies":[{"embeddable":true,"href":"http:\/\/informeformosa.com.ar\/index.php?rest_route=%2Fwp%2Fv2%2Fcomments&post=53818"}],"version-history":[{"count":1,"href":"http:\/\/informeformosa.com.ar\/index.php?rest_route=\/wp\/v2\/posts\/53818\/revisions"}],"predecessor-version":[{"id":53824,"href":"http:\/\/informeformosa.com.ar\/index.php?rest_route=\/wp\/v2\/posts\/53818\/revisions\/53824"}],"wp:featuredmedia":[{"embeddable":true,"href":"http:\/\/informeformosa.com.ar\/index.php?rest_route=\/wp\/v2\/media\/53823"}],"wp:attachment":[{"href":"http:\/\/informeformosa.com.ar\/index.php?rest_route=%2Fwp%2Fv2%2Fmedia&parent=53818"}],"wp:term":[{"taxonomy":"category","embeddable":true,"href":"http:\/\/informeformosa.com.ar\/index.php?rest_route=%2Fwp%2Fv2%2Fcategories&post=53818"},{"taxonomy":"post_tag","embeddable":true,"href":"http:\/\/informeformosa.com.ar\/index.php?rest_route=%2Fwp%2Fv2%2Ftags&post=53818"}],"curies":[{"name":"wp","href":"https:\/\/api.w.org\/{rel}","templated":true}]}}