{"id":53817,"date":"2021-10-11T22:28:47","date_gmt":"2021-10-12T01:28:47","guid":{"rendered":"http:\/\/informeformosa.com.ar\/?p=53817"},"modified":"2021-10-11T22:28:50","modified_gmt":"2021-10-12T01:28:50","slug":"comienza-este-miercoles-la-vacunacion-covid-para-ninos-de-5-a-11-anos","status":"publish","type":"post","link":"http:\/\/informeformosa.com.ar\/?p=53817","title":{"rendered":"Comienza este mi\u00e9rcoles la vacunaci\u00f3n COVID para ni\u00f1os de 5 a 11 a\u00f1os"},"content":{"rendered":"\n<p><em>Alcanzar\u00e1 en primera instancia a los residentes de Clorinda y capital.<\/em><\/p>\n\n\n\n<p>Seg\u00fan lo inform\u00f3 el Gobierno de la Provincia, a trav\u00e9s del Ministerio de Desarrollo Humano, el mi\u00e9rcoles 13 de octubre tendr\u00e1 continuidad la gran campa\u00f1a de vacunaci\u00f3n contra el coronavirus, que se viene desplegando intensamente en el territorio.&nbsp;<\/p>\n\n\n\n<p>En esta oportunidad, la inmunizaci\u00f3n abarcar\u00e1 a los ni\u00f1os de 5 a 11 a\u00f1os y tendr\u00e1 lugar por 3 d\u00edas consecutivos, inici\u00e1ndose el mi\u00e9rcoles 13 para los que viven en la localidad de Clorinda y, posteriormente, jueves 14 y viernes 15, para los residentes de la ciudad de Formosa. Los sitios y horarios de aplicaci\u00f3n se dar\u00e1n a conocer oportunamente a la comunidad.<\/p>\n\n\n\n<p>\u201cEstamos frente a una nueva etapa de la campa\u00f1a de vacunaci\u00f3n fenomenal e hist\u00f3rica que se viene desarrollando en nuestro pa\u00eds y, por supuesto, en nuestra provincia. Esta vez, con la aplicaci\u00f3n de la vacuna Sinopharm a los ni\u00f1os y pre adolescentes, desde 5 a 11 a\u00f1os de edad\u201d, explic\u00f3 el m\u00e9dico infect\u00f3logo, doctor Juli\u00e1n Bibolini.<\/p>\n\n\n\n<p>En relaci\u00f3n a lo anterior, aclar\u00f3 que, \u201ca pesar de las malas interpretaciones que rondaron\u201d, todas las sociedades cient\u00edficas argentinas \u201capoyan su aplicaci\u00f3n a este grupo etario y fue autorizada por el Ministerio de Salud de la Naci\u00f3n, como tambi\u00e9n por la Comisi\u00f3n Nacional de Inmunizaciones (CoNaIn).<\/p>\n\n\n\n<p><strong>Avance sin pausa&nbsp;&nbsp;<\/strong><\/p>\n\n\n\n<p>En la misma l\u00ednea, recalc\u00f3 que de toda la poblaci\u00f3n objetivo que tuvo la oportunidad de recibir la vacuna, hasta el momento, que son las personas de 12 a\u00f1os en adelante \u201cpoco m\u00e1s del 92% ya tiene su primera dosis\u201d y \u201ccerca del 66% ya fueron vacunados con la primera y segunda dosis\u201d.<\/p>\n\n\n\n<p>Asimismo, sobre lo anterior puso de relieve que, del total de la poblaci\u00f3n de Formosa \u201cya estamos cerca de alcanzar el 72% con, al menos, una dosis\u201d, mientras que \u201ccasi el 52% ya tiene las dos dosis aplicadas\u201d.<\/p>\n\n\n\n<p>En este marco, afirm\u00f3 \u201cestamos muy contentos y nos sentimos muy orgullosos de reportar estas cifras de vacunaci\u00f3n COVID, en la provincia\u201d. Y agreg\u00f3, que seguir\u00e1n avanzando a paso firme, tal como es la decisi\u00f3n del Gobierno de la Provincia en cuanto a la estrategia sanitaria de inmunizaci\u00f3n que se viene implementado con muy buenos resultados\u201d.<\/p>\n\n\n\n<p>Record\u00f3 en ese sentido, que despu\u00e9s de un a\u00f1o, el s\u00e1bado 9 de octubre, se dio de alta el \u00faltimo caso activo de COVID 19, en Clorinda, calificando el hecho \u201ccomo trascendente y de una inmensa alegr\u00eda, no solo para el pueblo clorindense que fue uno de los m\u00e1s castigados por el virus, sino tambi\u00e9n para toda la provincia porque evidencia los logros alcanzados en conjunto entre el Gobierno y la comunidad\u201d.<\/p>\n\n\n\n<p>Como en cada ocasi\u00f3n, alent\u00f3 a \u201cseguir cuid\u00e1ndonos para seguir protegi\u00e9ndonos, porque es la mejor manera de acompa\u00f1ar hasta que podamos llegar al total de la poblaci\u00f3n vacunada. No olvidemos que la situaci\u00f3n epidemiol\u00f3gica favorable que estamos transitando, es el resultado de no bajar la guardia en los cuidados y de protegernos mediante la vacuna, entre las medidas principales.<\/p>\n","protected":false},"excerpt":{"rendered":"<p>Alcanzar\u00e1 en primera instancia a los residentes de Clorinda y capital. Seg\u00fan lo inform\u00f3 el Gobierno de la Provincia, a trav\u00e9s del Ministerio de Desarrollo Humano, el mi\u00e9rcoles 13 de octubre tendr\u00e1 continuidad la gran campa\u00f1a de vacunaci\u00f3n contra el coronavirus, que se viene desplegando intensamente en el territorio.&nbsp; En esta oportunidad, la inmunizaci\u00f3n abarcar\u00e1 [&hellip;]<\/p>\n","protected":false},"author":11,"featured_media":41159,"comment_status":"closed","ping_status":"closed","sticky":false,"template":"","format":"standard","meta":{"footnotes":""},"categories":[12],"tags":[],"class_list":["post-53817","post","type-post","status-publish","format-standard","has-post-thumbnail","hentry","category-salud"],"_links":{"self":[{"href":"http:\/\/informeformosa.com.ar\/index.php?rest_route=\/wp\/v2\/posts\/53817","targetHints":{"allow":["GET"]}}],"collection":[{"href":"http:\/\/informeformosa.com.ar\/index.php?rest_route=\/wp\/v2\/posts"}],"about":[{"href":"http:\/\/informeformosa.com.ar\/index.php?rest_route=\/wp\/v2\/types\/post"}],"author":[{"embeddable":true,"href":"http:\/\/informeformosa.com.ar\/index.php?rest_route=\/wp\/v2\/users\/11"}],"replies":[{"embeddable":true,"href":"http:\/\/informeformosa.com.ar\/index.php?rest_route=%2Fwp%2Fv2%2Fcomments&post=53817"}],"version-history":[{"count":1,"href":"http:\/\/informeformosa.com.ar\/index.php?rest_route=\/wp\/v2\/posts\/53817\/revisions"}],"predecessor-version":[{"id":53822,"href":"http:\/\/informeformosa.com.ar\/index.php?rest_route=\/wp\/v2\/posts\/53817\/revisions\/53822"}],"wp:featuredmedia":[{"embeddable":true,"href":"http:\/\/informeformosa.com.ar\/index.php?rest_route=\/wp\/v2\/media\/41159"}],"wp:attachment":[{"href":"http:\/\/informeformosa.com.ar\/index.php?rest_route=%2Fwp%2Fv2%2Fmedia&parent=53817"}],"wp:term":[{"taxonomy":"category","embeddable":true,"href":"http:\/\/informeformosa.com.ar\/index.php?rest_route=%2Fwp%2Fv2%2Fcategories&post=53817"},{"taxonomy":"post_tag","embeddable":true,"href":"http:\/\/informeformosa.com.ar\/index.php?rest_route=%2Fwp%2Fv2%2Ftags&post=53817"}],"curies":[{"name":"wp","href":"https:\/\/api.w.org\/{rel}","templated":true}]}}