{"id":53807,"date":"2021-10-08T12:02:00","date_gmt":"2021-10-08T15:02:00","guid":{"rendered":"http:\/\/informeformosa.com.ar\/?p=53807"},"modified":"2021-10-09T00:30:18","modified_gmt":"2021-10-09T03:30:18","slug":"el-programa-identidad-territorial-se-desarrollo-en-el-barrio-la-colonia","status":"publish","type":"post","link":"http:\/\/informeformosa.com.ar\/?p=53807","title":{"rendered":"El Programa Identidad Territorial se desarroll\u00f3 en el barrio La Colonia"},"content":{"rendered":"\n<p><em>Esta actividad organizada por el Ministerio de Gobierno, Justicia, Seguridad y Trabajo de la Provincia, tiene como objetivo brindar a la comunidad la posibilidad de realizar tr\u00e1mites&nbsp; relacionados al derecho a la identidad.<\/em><\/p>\n\n\n\n<p>En esta oportunidad, este viernes 8, tuvo lugar en la EPEP N\u00ba 532 del barrio La Colonia. Al respecto, la doctora Jimena Areco, directora del Registro de Comercio y Persona Jur\u00eddica, detall\u00f3 a AGENFOR,&nbsp; los tr\u00e1mites que se pueden realizar: gesti\u00f3n de DNI por extravi\u00f3 o vencimiento en caso de ni\u00f1os de 8 a\u00f1os y j\u00f3venes de 14, solicitud de actas de nacimiento y certificado de pre- identificaci\u00f3n (CPI) para inscripci\u00f3n tard\u00eda.&nbsp;&nbsp;<\/p>\n\n\n\n<p>Adem\u00e1s, remarc\u00f3 que este programa se lleva a cabo tanto en capital como en el provincial, teniendo en cuenta la demanda en las diferentes localidades&nbsp; y agreg\u00f3 que \u201cdurante la pandemia, la gente posterg\u00f3 muchos tr\u00e1mites y ahora est\u00e1n retomando estos pendientes\u201d.&nbsp;<\/p>\n\n\n\n<p>De esa manera, puntualiz\u00f3 que en esta jornada, iniciada a las 8 de la ma\u00f1ana con atenci\u00f3n al p\u00fablico, se entregaron 420 n\u00fameros, resaltando una gran concurrencia de los vecinos. \u201cLos costos del tramites lo asume el Gobierno de la Provincia y de esta manera se garantiza el derecho a la identidad de los formose\u00f1os\u201d, asever\u00f3 Areco.&nbsp;<\/p>\n\n\n\n<p>Inform\u00f3 que el s\u00e1bado 9, tambi\u00e9n estar\u00e1n a partir de las 8 horas, en el mismo lugar, para continuar con esta labor.&nbsp;<\/p>\n\n\n\n<p>Por \u00faltimo, destac\u00f3 que \u201cesto representa la asistencia del Estado provincial, que a trav\u00e9s de una firme decisi\u00f3n pol\u00edtica, acompa\u00f1a cada semana al ciudadano para facilitarle los tr\u00e1mites que deben realizarse en el Registro Civil\u201d.&nbsp;<\/p>\n","protected":false},"excerpt":{"rendered":"<p>Esta actividad organizada por el Ministerio de Gobierno, Justicia, Seguridad y Trabajo de la Provincia, tiene como objetivo brindar a la comunidad la posibilidad de realizar tr\u00e1mites&nbsp; relacionados al derecho a la identidad. En esta oportunidad, este viernes 8, tuvo lugar en la EPEP N\u00ba 532 del barrio La Colonia. Al respecto, la doctora Jimena [&hellip;]<\/p>\n","protected":false},"author":11,"featured_media":53808,"comment_status":"closed","ping_status":"closed","sticky":false,"template":"","format":"standard","meta":{"footnotes":""},"categories":[11],"tags":[],"class_list":["post-53807","post","type-post","status-publish","format-standard","has-post-thumbnail","hentry","category-interior"],"_links":{"self":[{"href":"http:\/\/informeformosa.com.ar\/index.php?rest_route=\/wp\/v2\/posts\/53807","targetHints":{"allow":["GET"]}}],"collection":[{"href":"http:\/\/informeformosa.com.ar\/index.php?rest_route=\/wp\/v2\/posts"}],"about":[{"href":"http:\/\/informeformosa.com.ar\/index.php?rest_route=\/wp\/v2\/types\/post"}],"author":[{"embeddable":true,"href":"http:\/\/informeformosa.com.ar\/index.php?rest_route=\/wp\/v2\/users\/11"}],"replies":[{"embeddable":true,"href":"http:\/\/informeformosa.com.ar\/index.php?rest_route=%2Fwp%2Fv2%2Fcomments&post=53807"}],"version-history":[{"count":1,"href":"http:\/\/informeformosa.com.ar\/index.php?rest_route=\/wp\/v2\/posts\/53807\/revisions"}],"predecessor-version":[{"id":53809,"href":"http:\/\/informeformosa.com.ar\/index.php?rest_route=\/wp\/v2\/posts\/53807\/revisions\/53809"}],"wp:featuredmedia":[{"embeddable":true,"href":"http:\/\/informeformosa.com.ar\/index.php?rest_route=\/wp\/v2\/media\/53808"}],"wp:attachment":[{"href":"http:\/\/informeformosa.com.ar\/index.php?rest_route=%2Fwp%2Fv2%2Fmedia&parent=53807"}],"wp:term":[{"taxonomy":"category","embeddable":true,"href":"http:\/\/informeformosa.com.ar\/index.php?rest_route=%2Fwp%2Fv2%2Fcategories&post=53807"},{"taxonomy":"post_tag","embeddable":true,"href":"http:\/\/informeformosa.com.ar\/index.php?rest_route=%2Fwp%2Fv2%2Ftags&post=53807"}],"curies":[{"name":"wp","href":"https:\/\/api.w.org\/{rel}","templated":true}]}}