{"id":53803,"date":"2021-10-06T12:03:00","date_gmt":"2021-10-06T15:03:00","guid":{"rendered":"http:\/\/informeformosa.com.ar\/?p=53803"},"modified":"2021-10-07T00:04:12","modified_gmt":"2021-10-07T03:04:12","slug":"profesionales-del-hospital-de-pirane-fueron-recategorizados","status":"publish","type":"post","link":"http:\/\/informeformosa.com.ar\/?p=53803","title":{"rendered":"Profesionales del Hospital de Pirane, fueron recategorizados"},"content":{"rendered":"\n<p>La noticia fue confirmada por el director del nosocomio Jorge Herrera al se\u00f1alar que la medida de recategorizaci\u00f3n alcanz\u00f3 a 15 profesionales de Salud que prestan servicios en el hospital.<\/p>\n\n\n\n<p>En contacto con <strong>Agenfor<\/strong> consider\u00f3 que&nbsp; \u201cesto es una muestra de reconocimiento por la permanente capacitaci\u00f3n de los profesionales hasta llegar a la licenciatura\u201d.&nbsp;<\/p>\n\n\n\n<p>De ese modo agradeci\u00f3, al ministro de Desarrollo Humano, doctor An\u00edbal G\u00f3mez y al gobernador de la Provincia, doctor Gildo Insfran, por tener en cuenta la formaci\u00f3n del personal de salud.&nbsp;&nbsp;<\/p>\n\n\n\n<p><strong>Equipamiento<\/strong><\/p>\n\n\n\n<p>En otro orden, se refiri\u00f3 a la gesti\u00f3n del Estado provincial en cuanto el sistema sanitario, afirmando que \u201cdurante la pandemia por COVID-19 se ha respondido a las demandas, dando respuesta positiva brindando los equipamientos necesarios\u201d.<\/p>\n\n\n\n<p>En ese sentido, dijo que \u201ces un logro y un salto de calidad recibir estas herramientas, estamos orgullosos el sistema y del equipo de trabajo del \u00e1rea sanitario, porque dio un resultado efectivo durante un momento muy dif\u00edcil\u201d.&nbsp;<\/p>\n\n\n\n<p>Agreg\u00f3 que durante el periodo m\u00e1s cr\u00edtico de la pandemia, tambi\u00e9n se ha demandado capacitaci\u00f3n del personal y reconversi\u00f3n de servicios. En este \u00faltimo \u00edtem, mencion\u00f3 que han recibido equipamientos para mediana complejidad, como ser camas de \u00faltima generaci\u00f3n, multiparam\u00e9tricos, entre otros.<\/p>\n\n\n\n<p>\u201cTener los insumos necesarios nos ha permitido la atenci\u00f3n eficiente a pacientes con complicaciones por coronavirus\u201d se\u00f1al\u00f3 para agregar que&nbsp; \u201cesto represent\u00f3 para nosotros una respuesta inmediata y adem\u00e1s, nos queda como patrimonio para poder usarlo en otras patolog\u00edas\u201d.<\/p>\n\n\n\n<p>Al concluir, indic\u00f3 que durante la ma\u00f1ana han adquirido a trav\u00e9s del Ministerio de Desarrollo Humano de la Provincia, una mesa de anestesia, muy necesaria para el servicio.<\/p>\n","protected":false},"excerpt":{"rendered":"<p>La noticia fue confirmada por el director del nosocomio Jorge Herrera al se\u00f1alar que la medida de recategorizaci\u00f3n alcanz\u00f3 a 15 profesionales de Salud que prestan servicios en el hospital. En contacto con Agenfor consider\u00f3 que&nbsp; \u201cesto es una muestra de reconocimiento por la permanente capacitaci\u00f3n de los profesionales hasta llegar a la licenciatura\u201d.&nbsp; De [&hellip;]<\/p>\n","protected":false},"author":11,"featured_media":53804,"comment_status":"closed","ping_status":"closed","sticky":false,"template":"","format":"standard","meta":{"footnotes":""},"categories":[12],"tags":[],"class_list":["post-53803","post","type-post","status-publish","format-standard","has-post-thumbnail","hentry","category-salud"],"_links":{"self":[{"href":"http:\/\/informeformosa.com.ar\/index.php?rest_route=\/wp\/v2\/posts\/53803","targetHints":{"allow":["GET"]}}],"collection":[{"href":"http:\/\/informeformosa.com.ar\/index.php?rest_route=\/wp\/v2\/posts"}],"about":[{"href":"http:\/\/informeformosa.com.ar\/index.php?rest_route=\/wp\/v2\/types\/post"}],"author":[{"embeddable":true,"href":"http:\/\/informeformosa.com.ar\/index.php?rest_route=\/wp\/v2\/users\/11"}],"replies":[{"embeddable":true,"href":"http:\/\/informeformosa.com.ar\/index.php?rest_route=%2Fwp%2Fv2%2Fcomments&post=53803"}],"version-history":[{"count":1,"href":"http:\/\/informeformosa.com.ar\/index.php?rest_route=\/wp\/v2\/posts\/53803\/revisions"}],"predecessor-version":[{"id":53805,"href":"http:\/\/informeformosa.com.ar\/index.php?rest_route=\/wp\/v2\/posts\/53803\/revisions\/53805"}],"wp:featuredmedia":[{"embeddable":true,"href":"http:\/\/informeformosa.com.ar\/index.php?rest_route=\/wp\/v2\/media\/53804"}],"wp:attachment":[{"href":"http:\/\/informeformosa.com.ar\/index.php?rest_route=%2Fwp%2Fv2%2Fmedia&parent=53803"}],"wp:term":[{"taxonomy":"category","embeddable":true,"href":"http:\/\/informeformosa.com.ar\/index.php?rest_route=%2Fwp%2Fv2%2Fcategories&post=53803"},{"taxonomy":"post_tag","embeddable":true,"href":"http:\/\/informeformosa.com.ar\/index.php?rest_route=%2Fwp%2Fv2%2Ftags&post=53803"}],"curies":[{"name":"wp","href":"https:\/\/api.w.org\/{rel}","templated":true}]}}