{"id":53791,"date":"2021-10-06T23:57:27","date_gmt":"2021-10-07T02:57:27","guid":{"rendered":"http:\/\/informeformosa.com.ar\/?p=53791"},"modified":"2021-10-06T23:57:30","modified_gmt":"2021-10-07T02:57:30","slug":"clorinda-importantes-obras-proximas-a-ser-inauguradas-por-el-gobernador-insfran","status":"publish","type":"post","link":"http:\/\/informeformosa.com.ar\/?p=53791","title":{"rendered":"Clorinda: Importantes obras pr\u00f3ximas a ser inauguradas por el gobernador Insfr\u00e1n"},"content":{"rendered":"\n<p>El Puente Ca\u00ed, el Anexo 2 del JIN N\u00b014 y el Centro Integrador Comunitario (CIC) en el barrio Porte\u00f1o Norte, la EPEP N\u00b0169 y el JIN N\u00b027 en Garcete Cu\u00e9 y m\u00e1s de 50 viviendas, son las obras que est\u00e1n pr\u00f3ximas a ser inauguradas por el gobernador de la provincia, Gildo Insfr\u00e1n, en la ciudad de Clorinda.<\/p>\n\n\n\n<p>Al respecto, <strong>AGENFOR<\/strong> dialog\u00f3 con el intendente de la localidad, Manuel Celauro, quien expres\u00f3 las expectativas por la confirmaci\u00f3n de la visita de Insfr\u00e1n para la habilitaci\u00f3n de las obras mencionadas \u201ctan ligadas a la historia de los clorindenses\u201d.<\/p>\n\n\n\n<p>\u201cSe van a inaugurar ni bien disponga el gobernador, porque s\u00e9 que tiene la agenda muy apretada, pero me dijo que s\u00ed o s\u00ed quer\u00eda venir a Clorinda, as\u00ed que lo estamos esperando\u201d, confes\u00f3.<\/p>\n\n\n\n<p>En cuanto al hist\u00f3rico Puente Ca\u00ed, el mandatario municipal manifest\u00f3 que \u201ces una obra hermosa, pensada de tal manera que dif\u00edcilmente se pueda interrumpir el tr\u00e1nsito sobre el puente por inundaci\u00f3n\u201d; y aclar\u00f3 que, el Porte\u00f1o Sur, sigue siendo uno de los pocos barrios de Clorinda que no tiene la defensa contra las inundaciones.<\/p>\n\n\n\n<p>Pero, se\u00f1al\u00f3, esta obra \u201cva a unir el Porte\u00f1o sur con el resto de la ciudad y tambi\u00e9n es un paso important\u00edsimo para ir al complejo San Ignacio Loyola y al Porte\u00f1o Norte, evitando siempre el peligro de una ruta nacional, como la 11, utilizando la venida Belgrano y pasando sobre el puente Ca\u00ed\u201d.<\/p>\n\n\n\n<p>El nuevo puente Ca\u00ed fue construido en hormig\u00f3n armado, fundado sobre pilotes de gran di\u00e1metro, con dos estribos extremos y dos pilas centrales. Tiene una longitud de 65,20 metros y un ancho de 12,80 metros, que incluye dos calzadas de 4,15 metros de ancho, mediana central materializada por defensas de hormig\u00f3n armado tipo New Jersey de 0,70 metros de ancho y veredas peatonales de 1,50 metros de ancho en ambos laterales, todo esto sobre vigas de Hormig\u00f3n Postesado.<\/p>\n\n\n\n<p>\u201cTiene mucho sentido para nosotros poder habilitar nuevamente este puente que hace muchos a\u00f1os estaba suspendido, primero tuvimos problemas con la empresa, la obra, el financiamiento, pero ahora gracias a Dios ya est\u00e1 listo para inaugurar\u201d, sostuvo.<\/p>\n\n\n\n<p><strong>CIC<\/strong><\/p>\n\n\n\n<p>Respecto al CIC, Celauro record\u00f3 que iniciaron dos obras de este tipo con la presidencia de Cristina Fern\u00e1ndez de Kirchner y la gesti\u00f3n de Alicia Kirchner en el Ministerio de Desarrollo Social y que \u201cnos cost\u00f3 mucho porque son montos fijos, entonces todo lo que sea inflaci\u00f3n tiene que absorber la municipalidad, pero pudimos lograr el objetivo de terminar ambos\u201d.<\/p>\n\n\n\n<p>\u201cY en una segunda etapa con el gobierno de Alberto Fern\u00e1ndez, conseguimos los fondos para el equipamiento, ese CIC del Porte\u00f1o Norte listo a inaugurarse, est\u00e1 totalmente equipado\u201d, expuso.<\/p>\n\n\n\n<p>Y asever\u00f3: \u201cLo bueno es que nosotros presentamos las rendiciones a los organismos nacionales y, gracias a Dios, fuimos felicitados siempre por la manera en que llevamos a cabo, no s\u00f3lo la construcci\u00f3n, sino tambi\u00e9n las rendiciones y estamos muy contentos por eso\u201d.<\/p>\n\n\n\n<p>Adem\u00e1s, resalt\u00f3 que todo el equipamiento del CIC fue adquirido a empresarios clorindenses con el objetivo de \u201cfortalecer la actividad comercial de nuestra ciudad\u201d.<\/p>\n\n\n\n<p>\u201cEn este caso hicimos un aporte importante a gente que se dedica al mueble, tambi\u00e9n electrodom\u00e9sticos y eso es motivo de orgullo, porque yo siempre digo que nosotros tenemos la capacidad para hacer ac\u00e1 en Clorinda muchas cosas y estamos explotando eso, tanto los empleados municipales como nuestros empresarios\u201d, sentenci\u00f3.<\/p>\n\n\n\n<p><strong>Viviendas<\/strong><\/p>\n\n\n\n<p>En lo que respecta a las m\u00e1s de 50 viviendas que ser\u00e1n entregadas, el jefe comunal clorindense asegur\u00f3 que \u201ces una alegr\u00eda inmensa para las familias que puedan recibir una casa propia con lo dif\u00edcil y costoso que hoy es eso\u201d.<\/p>\n\n\n\n<p>\u201cLo bueno es que tenemos la palabra del gobernador de que, como Clorinda hace mucho tiempo no tiene plan de vivienda importante, nosotros a trav\u00e9s del Concejo Deliberante otorgamos un predio al Instituto Provincial de la Vivienda (IPV) para la construcci\u00f3n de 250 viviendas\u201d, cont\u00f3.<\/p>\n\n\n\n<p>Y agreg\u00f3: \u201cEl gobernador me dijo que esa va a ser una primera etapa y la segunda ser\u00edan otras 250, o sea que tenemos la esperanza que se construyan 500 viviendas en poco tiempo; y va a venir a satisfacer, m\u00ednimamente, la demanda que tenemos de personas inscriptas en el IPV y que necesitan de una vivienda y ojal\u00e1 se pueda concretar lo antes posible este proyecto, porque realmente nos hace falta\u201d.<\/p>\n\n\n\n<p><strong>Obras educativas<\/strong><\/p>\n\n\n\n<p>Por otro lado, esta Agencia convers\u00f3 con directivos de las instituciones pr\u00f3ximas a habilitarse, quienes unificaron su alegr\u00eda por contar con modernos edificios y sus pertinentes equipamientos para una mejora del proceso pedag\u00f3gico en las aulas.<\/p>\n\n\n\n<p>La directora del JIN N\u00b014, Natalia Romay, remarc\u00f3 que el establecimiento cuenta con Servicio Social Nutricional de comedor y copa de leche, aula digital m\u00f3vil, tablets, notebook, \u201co sea que es bastante completo\u201d.<\/p>\n\n\n\n<p>\u201cQueremos agradecer la gesti\u00f3n del gobernador porque nos pueden brindar este tipo de instituciones que va con la pol\u00edtica que llevan a cabo, de igualdad para todos, dando a nuestros alumnos la posibilidad de contar con un edificio con todos los servicios y una educaci\u00f3n de calidad, que es a lo que nosotros aspiramos, nuestra meta\u201d, argument\u00f3.<\/p>\n\n\n\n<p>El Anexo 2 de este JIN contar\u00e1 con tres salas, un bloque de sanitarios, dep\u00f3sito, sala de m\u00e1quinas, cocina, galer\u00eda, sector de juegos infantiles, play\u00f3n de formaci\u00f3n, tanque elevado, cisterna, cerco perimetral y mobiliario completo.<\/p>\n\n\n\n<p>Por su parte, la directora de la EPEP N\u00b0169, Mar\u00eda Cristina Coenes, esboz\u00f3 que el complejo a inaugurarse albergar\u00e1 a ni\u00f1os del nivel inicial y primario; y adolescentes del secundario.<\/p>\n\n\n\n<p>\u201cSe sirve el Servicio Social Nutricional en niveles inicial y primario y en el secundario, la copa de leche. Es una escuela de jornada completa, trabajamos de 8 a 16 horas, entonces los ni\u00f1os aqu\u00ed desayunan, almuerzan y meriendan\u201d, fundament\u00f3.<\/p>\n\n\n\n<p>Y profundiz\u00f3: \u201cLas familias est\u00e1n muy agradecidas y felices porque van a mandar a sus ni\u00f1os a un hermoso edificio y en su lugar, porque para poder tener acceso a un edificio as\u00ed ten\u00edan que trasladarse muchos kil\u00f3metros, hoy lo van a hacer en su lugar donde viven\u201d.<\/p>\n\n\n\n<p>El nuevo edificio est\u00e1 constituido por nueve aulas, un aula multiprop\u00f3sito de ciencias y tecnolog\u00eda, direcci\u00f3n, secretar\u00eda, coordinaci\u00f3n, sala de profesores, office, sanitarios de estudiantes y docentes, biblioteca \u2013 hemeroteca y sala de inform\u00e1tica, SUM \u2013 comedor, cocina con horno y fog\u00f3n, despensa, galer\u00edas, dep\u00f3sito, play\u00f3n de formaci\u00f3n cubierto y m\u00e1stil, tanque elevado, cisterna, cerco perimetral y mobiliario completo.<\/p>\n\n\n\n<p>Por \u00faltimo, la directora del JIN N\u00b027, Rafaela Gim\u00e9nez tambi\u00e9n expres\u00f3 la ansiedad colectiva por la llegada del gobernador a la ciudad para la entrega de estas instituciones \u201ctan anhelada donde los docentes y alumnos estamos a la expectativa, igual que los padres\u201d.<\/p>\n\n\n\n<p>En este caso, el JIN est\u00e1 compuesto por una sala, \u00e1rea de guardado de materiales, sanitarios de docentes y ni\u00f1os, play\u00f3n de formaci\u00f3n y m\u00e1stil, cerco perimetral y mobiliario completo.<\/p>\n","protected":false},"excerpt":{"rendered":"<p>El Puente Ca\u00ed, el Anexo 2 del JIN N\u00b014 y el Centro Integrador Comunitario (CIC) en el barrio Porte\u00f1o Norte, la EPEP N\u00b0169 y el JIN N\u00b027 en Garcete Cu\u00e9 y m\u00e1s de 50 viviendas, son las obras que est\u00e1n pr\u00f3ximas a ser inauguradas por el gobernador de la provincia, Gildo Insfr\u00e1n, en la ciudad [&hellip;]<\/p>\n","protected":false},"author":11,"featured_media":53797,"comment_status":"closed","ping_status":"closed","sticky":false,"template":"","format":"standard","meta":{"footnotes":""},"categories":[11],"tags":[],"class_list":["post-53791","post","type-post","status-publish","format-standard","has-post-thumbnail","hentry","category-interior"],"_links":{"self":[{"href":"http:\/\/informeformosa.com.ar\/index.php?rest_route=\/wp\/v2\/posts\/53791","targetHints":{"allow":["GET"]}}],"collection":[{"href":"http:\/\/informeformosa.com.ar\/index.php?rest_route=\/wp\/v2\/posts"}],"about":[{"href":"http:\/\/informeformosa.com.ar\/index.php?rest_route=\/wp\/v2\/types\/post"}],"author":[{"embeddable":true,"href":"http:\/\/informeformosa.com.ar\/index.php?rest_route=\/wp\/v2\/users\/11"}],"replies":[{"embeddable":true,"href":"http:\/\/informeformosa.com.ar\/index.php?rest_route=%2Fwp%2Fv2%2Fcomments&post=53791"}],"version-history":[{"count":1,"href":"http:\/\/informeformosa.com.ar\/index.php?rest_route=\/wp\/v2\/posts\/53791\/revisions"}],"predecessor-version":[{"id":53798,"href":"http:\/\/informeformosa.com.ar\/index.php?rest_route=\/wp\/v2\/posts\/53791\/revisions\/53798"}],"wp:featuredmedia":[{"embeddable":true,"href":"http:\/\/informeformosa.com.ar\/index.php?rest_route=\/wp\/v2\/media\/53797"}],"wp:attachment":[{"href":"http:\/\/informeformosa.com.ar\/index.php?rest_route=%2Fwp%2Fv2%2Fmedia&parent=53791"}],"wp:term":[{"taxonomy":"category","embeddable":true,"href":"http:\/\/informeformosa.com.ar\/index.php?rest_route=%2Fwp%2Fv2%2Fcategories&post=53791"},{"taxonomy":"post_tag","embeddable":true,"href":"http:\/\/informeformosa.com.ar\/index.php?rest_route=%2Fwp%2Fv2%2Ftags&post=53791"}],"curies":[{"name":"wp","href":"https:\/\/api.w.org\/{rel}","templated":true}]}}