{"id":53789,"date":"2021-10-06T23:55:39","date_gmt":"2021-10-07T02:55:39","guid":{"rendered":"http:\/\/informeformosa.com.ar\/?p=53789"},"modified":"2021-10-06T23:55:42","modified_gmt":"2021-10-07T02:55:42","slug":"los-gimnasios-terapeuticos-celebraron-el-dia-de-las-personas-mayores-en-el-parque-acuatico","status":"publish","type":"post","link":"http:\/\/informeformosa.com.ar\/?p=53789","title":{"rendered":"Los Gimnasios Terap\u00e9uticos celebraron el d\u00eda de las Personas Mayores en el parque acu\u00e1tico"},"content":{"rendered":"\n<p><em>El Gobierno de la Provincia, a trav\u00e9s del programa Gimnasio Terap\u00e9utico, agasaj\u00f3 a los pacientes adultos en el marco del D\u00eda internacional de las personas mayores.&nbsp;<\/em><\/p>\n\n\n\n<p>Debido a que el pasado 1\u00ba de octubre, por las inclemencias del tiempo, debi\u00f3 suspenderse el festejo previsto, se realiz\u00f3 hoy al aire libre en las instalaciones del Parque acu\u00e1tico \u201c17 de Octubre\u201d. En ese marco festivo, participaron los adultos mayores de los cuatro gimnasios terap\u00e9uticos activos de la ciudad, estadio Centenario, Cincuentenario, Polideportivo del barrio La Paz y la EPET N\u00ba 7 del Barrio Eva Per\u00f3n.<\/p>\n\n\n\n<p>El Subsecretario de Deportes y Recreaci\u00f3n Comunitaria, Mario Romay, acompa\u00f1\u00f3 la jornada y despu\u00e9s de dar la bienvenida a los agasajados resalt\u00f3 la trayectoria del programa que \u201ccon 21 a\u00f1os de brindar servicio ininterrumpido a la comunidad, sigue desarroll\u00e1ndose, capacitando gente en el interior provincial, donde se est\u00e1n abriendo nuevos gimnasios y con miras a incorporar otros\u201d.&nbsp;&nbsp;<\/p>\n\n\n\n<p>Adem\u00e1s, haciendo referencia a la situaci\u00f3n epidemiol\u00f3gica actual, remarc\u00f3 que \u201cel plan de vacunaci\u00f3n implementado por el Gobierno de la Provincia permiti\u00f3 hoy disfrutar de este d\u00eda al aire libre, sin dejar de lado los cuidados pertinentes y con la esperanza de que se avecinan nuevos tiempos que permitir\u00e1n ir volviendo de a poco a la normalidad\u201d, por lo que invit\u00f3 a todos a \u201cfestejar esto tambi\u00e9n como un logro de toda la sociedad\u201d.&nbsp;<\/p>\n\n\n\n<p>Luego de sus palabras se realiz\u00f3 la presentaci\u00f3n de las reinas y reyes de la primavera 2021, quienes a\u00f1o a a\u00f1o son elegidos en cada gimnasio por sus propios compa\u00f1eros como ejemplo del esfuerzo, la perseverancia, las ganas de salir adelante y de superar las adversidades. Posteriormente la jornada sigui\u00f3 cargada de energ\u00eda con clases de zumba, baile libre y sorteos.<\/p>\n\n\n\n<p><strong>Mejorar la calidad de vida, premisa del Modelo Formose\u00f1o<\/strong><\/p>\n\n\n\n<p>Como parte de las pol\u00edticas integrales que lleva adelante el Gobierno de la Provincia de Formosa, los gimnasios terap\u00e9uticos tienen el objetivo principal de mejorar la calidad de vida de las personas, apostando a la salud, la actividad f\u00edsica y el buen trato con amigos, en un ambiente saludable donde se comparten experiencias.&nbsp;<\/p>\n\n\n\n<p>Son espacios creados para la realizaci\u00f3n del ejercicio f\u00edsico con fines terap\u00e9uticos, para el tratamiento de diversas enfermedades y en ellos se contribuye tambi\u00e9n a la interacci\u00f3n social, a fin de que las personas no s\u00f3lo mejoren el estado f\u00edsico, sino tambi\u00e9n su estado psicol\u00f3gico y emocional.&nbsp;<\/p>\n","protected":false},"excerpt":{"rendered":"<p>El Gobierno de la Provincia, a trav\u00e9s del programa Gimnasio Terap\u00e9utico, agasaj\u00f3 a los pacientes adultos en el marco del D\u00eda internacional de las personas mayores.&nbsp; Debido a que el pasado 1\u00ba de octubre, por las inclemencias del tiempo, debi\u00f3 suspenderse el festejo previsto, se realiz\u00f3 hoy al aire libre en las instalaciones del Parque [&hellip;]<\/p>\n","protected":false},"author":11,"featured_media":53793,"comment_status":"closed","ping_status":"closed","sticky":false,"template":"","format":"standard","meta":{"footnotes":""},"categories":[5],"tags":[],"class_list":["post-53789","post","type-post","status-publish","format-standard","has-post-thumbnail","hentry","category-deportes"],"_links":{"self":[{"href":"http:\/\/informeformosa.com.ar\/index.php?rest_route=\/wp\/v2\/posts\/53789","targetHints":{"allow":["GET"]}}],"collection":[{"href":"http:\/\/informeformosa.com.ar\/index.php?rest_route=\/wp\/v2\/posts"}],"about":[{"href":"http:\/\/informeformosa.com.ar\/index.php?rest_route=\/wp\/v2\/types\/post"}],"author":[{"embeddable":true,"href":"http:\/\/informeformosa.com.ar\/index.php?rest_route=\/wp\/v2\/users\/11"}],"replies":[{"embeddable":true,"href":"http:\/\/informeformosa.com.ar\/index.php?rest_route=%2Fwp%2Fv2%2Fcomments&post=53789"}],"version-history":[{"count":1,"href":"http:\/\/informeformosa.com.ar\/index.php?rest_route=\/wp\/v2\/posts\/53789\/revisions"}],"predecessor-version":[{"id":53794,"href":"http:\/\/informeformosa.com.ar\/index.php?rest_route=\/wp\/v2\/posts\/53789\/revisions\/53794"}],"wp:featuredmedia":[{"embeddable":true,"href":"http:\/\/informeformosa.com.ar\/index.php?rest_route=\/wp\/v2\/media\/53793"}],"wp:attachment":[{"href":"http:\/\/informeformosa.com.ar\/index.php?rest_route=%2Fwp%2Fv2%2Fmedia&parent=53789"}],"wp:term":[{"taxonomy":"category","embeddable":true,"href":"http:\/\/informeformosa.com.ar\/index.php?rest_route=%2Fwp%2Fv2%2Fcategories&post=53789"},{"taxonomy":"post_tag","embeddable":true,"href":"http:\/\/informeformosa.com.ar\/index.php?rest_route=%2Fwp%2Fv2%2Ftags&post=53789"}],"curies":[{"name":"wp","href":"https:\/\/api.w.org\/{rel}","templated":true}]}}