{"id":53778,"date":"2021-10-06T23:51:21","date_gmt":"2021-10-07T02:51:21","guid":{"rendered":"http:\/\/informeformosa.com.ar\/?p=53778"},"modified":"2021-10-07T00:14:07","modified_gmt":"2021-10-07T03:14:07","slug":"el-doctor-gomez-juro-como-ministro-de-desarrollo-humano","status":"publish","type":"post","link":"http:\/\/informeformosa.com.ar\/?p=53778","title":{"rendered":"El doctor G\u00f3mez jur\u00f3 como ministro de Desarrollo Humano"},"content":{"rendered":"\n<p>En un acto realizado en la Casa de Gobierno, este mi\u00e9rcoles 6 al mediod\u00eda, el gobernador Gildo Insfr\u00e1n presidi\u00f3 la ceremonia de toma de juramento y puesta en el cargo del ministro de Desarrollo Humano de Formosa, el doctor An\u00edbal G\u00f3mez.&nbsp;<\/p>\n\n\n\n<p>Participaron el vicegobernador Eber Sol\u00eds; el jefe de Gabinete, Antonio Ferreira; los ministros Jorge Ib\u00e1\u00f1ez (Econom\u00eda, Hacienda y Finanzas), Daniel Malich (Planificaci\u00f3n, Inversi\u00f3n, Obras y Servicios P\u00fablicos), Gloria Gim\u00e9nez (Comunidad), Cecilia Guardia Mendonca (Secretar\u00eda General), Jorge Abel Gonz\u00e1lez (Gobierno, Justicia, Seguridad y Trabajo), Ra\u00fal Quintana (Producci\u00f3n y Ambiente), Silvia Segovia (Turismo) y Luis Basterra (Cultura y Educaci\u00f3n).&nbsp;<\/p>\n\n\n\n<p>Luego, en presencia del escribano mayor de Gobierno, H\u00e9ctor Gallardo, se ley\u00f3 el Decreto N\u00ba 151\/21 del PEP de designaci\u00f3n del doctor G\u00f3mez, tras lo cual el gobernador Insfr\u00e1n procedi\u00f3 a tomar el juramento de ley.&nbsp;<\/p>\n\n\n\n<p>\u201cDoctor An\u00edbal Francisco G\u00f3mez, \u00bfjur\u00e1is ante Dios nuestro Se\u00f1or sobre estos Santos Evangelios, por la Patria, por el pueblo y por vuestro honor desempe\u00f1ar con lealtad y patriotismo el cargo de ministro de Desarrollo Humano para el cual hab\u00e9is sido designado cumpliendo y haciendo cumplir en cuanto de vos dependa la Constituci\u00f3n Nacional, Provincial y leyes que en su consecuencia se dicten?\u201d, le pregunt\u00f3 el primer mandatario, a lo que G\u00f3mez respondi\u00f3: \u201cS\u00ed, juro\u201d, tras lo cual recibi\u00f3 el decreto de puesta en funciones.&nbsp;<\/p>\n\n\n\n<p>Acto seguido, el escribano mayor Gallardo ley\u00f3 el acta correspondiente, suscribiendo la misma el flamante ministro de Desarrollo Humano, el vicegobernador Sol\u00eds y el gobernador Insfr\u00e1n.&nbsp;&nbsp;<\/p>\n\n\n\n<p><strong>Gesti\u00f3n&nbsp;<\/strong><\/p>\n\n\n\n<p>En declaraciones a <strong>AGENFOR,<\/strong> el doctor G\u00f3mez agradeci\u00f3 al Gobernador por \u201chaber confiado en mi persona para poder llevar adelante las pol\u00edticas p\u00fablicas que en el plan de Gobierno tiene dise\u00f1adas y que debemos ejecutar con celeridad y eficacia en estos tiempos\u201d.&nbsp;<\/p>\n\n\n\n<p>Al referirse a la pandemia del COVID-19, hizo notar que \u201cnuestro Ministerio tuvo una labor destacada, pero hay que reconocer que forma parte de una comunidad organizada, donde todos los actores son importantes\u201d, con lo cual \u201csomos un engranaje m\u00e1s de este sistema en el que cada uno aporta lo suyo para poder funcionar\u201d.&nbsp;&nbsp;<\/p>\n\n\n\n<p>\u201cEsto fue lo que se logr\u00f3 en Formosa: se puso a prueba como nunca antes&nbsp; a toda la provincia, a todos sus habitantes, a su estructura en lo sanitario, lo pol\u00edtico, lo social, lo econ\u00f3mico y en la seguridad. Y todos los sectores de la comunidad supieron estar a la altura de las circunstancias, lo que nos permite estar en la situaci\u00f3n actual\u201d, signific\u00f3 el funcionario.&nbsp;<\/p>\n\n\n\n<p>A su vez, indic\u00f3 que una de las instrucciones del gobernador Insfr\u00e1n en esta gesti\u00f3n es avanzar en la campa\u00f1a de vacunaci\u00f3n. \u201cTenemos que trabajar en terminar con las segundas dosis en los mayores de 16 a\u00f1os y tambi\u00e9n en los adolescentes de 12 a 17 a\u00f1os\u201d, remarc\u00f3, mencionando adem\u00e1s que \u201cse inicia una nueva etapa que ya fue autorizada por la ANMAT, la Sociedad Argentina de Pediatr\u00eda (SAP) y el Ministerio de Salud de la Naci\u00f3n que es la inmunizaci\u00f3n con la vacuna Sinopharm en ni\u00f1os de tres a once a\u00f1os\u201d.&nbsp;<\/p>\n\n\n\n<p>En tal sentido, confirm\u00f3 a esta Agencia que \u201cni bien recibamos las vacunas iniciaremos esta campa\u00f1a que ser\u00e1 fundamental para aumentar el n\u00famero de personas vacunadas en nuestra provincia\u201d.&nbsp;<\/p>\n\n\n\n<p>\u201cSabemos que las variantes que est\u00e1n circulando hasta ahora afectan muy poco a los ni\u00f1os, sin embargo se infectan, transmiten el virus y en algunos casos tambi\u00e9n pueden sufrir de forma grave la enfermedad\u201d, expuso.&nbsp;<\/p>\n\n\n\n<p>Por ello, consider\u00f3 \u201cmuy importante\u201d avanzar con este esquema de vacunaci\u00f3n para los ni\u00f1os, adem\u00e1s de \u201catender otras cuestiones que hacen a la salud del formose\u00f1o\u201d, como por ejemplo lo cardiovascular, \u201cprimera causa de muerte y de enfermedad en nuestra provincia, nuestro pa\u00eds y el mundo\u201d, finaliz\u00f3.&nbsp;<\/p>\n","protected":false},"excerpt":{"rendered":"<p>En un acto realizado en la Casa de Gobierno, este mi\u00e9rcoles 6 al mediod\u00eda, el gobernador Gildo Insfr\u00e1n presidi\u00f3 la ceremonia de toma de juramento y puesta en el cargo del ministro de Desarrollo Humano de Formosa, el doctor An\u00edbal G\u00f3mez.&nbsp; Participaron el vicegobernador Eber Sol\u00eds; el jefe de Gabinete, Antonio Ferreira; los ministros Jorge [&hellip;]<\/p>\n","protected":false},"author":11,"featured_media":53787,"comment_status":"closed","ping_status":"closed","sticky":false,"template":"","format":"standard","meta":{"footnotes":""},"categories":[3],"tags":[],"class_list":["post-53778","post","type-post","status-publish","format-standard","has-post-thumbnail","hentry","category-politica-y-economia"],"_links":{"self":[{"href":"http:\/\/informeformosa.com.ar\/index.php?rest_route=\/wp\/v2\/posts\/53778","targetHints":{"allow":["GET"]}}],"collection":[{"href":"http:\/\/informeformosa.com.ar\/index.php?rest_route=\/wp\/v2\/posts"}],"about":[{"href":"http:\/\/informeformosa.com.ar\/index.php?rest_route=\/wp\/v2\/types\/post"}],"author":[{"embeddable":true,"href":"http:\/\/informeformosa.com.ar\/index.php?rest_route=\/wp\/v2\/users\/11"}],"replies":[{"embeddable":true,"href":"http:\/\/informeformosa.com.ar\/index.php?rest_route=%2Fwp%2Fv2%2Fcomments&post=53778"}],"version-history":[{"count":1,"href":"http:\/\/informeformosa.com.ar\/index.php?rest_route=\/wp\/v2\/posts\/53778\/revisions"}],"predecessor-version":[{"id":53788,"href":"http:\/\/informeformosa.com.ar\/index.php?rest_route=\/wp\/v2\/posts\/53778\/revisions\/53788"}],"wp:featuredmedia":[{"embeddable":true,"href":"http:\/\/informeformosa.com.ar\/index.php?rest_route=\/wp\/v2\/media\/53787"}],"wp:attachment":[{"href":"http:\/\/informeformosa.com.ar\/index.php?rest_route=%2Fwp%2Fv2%2Fmedia&parent=53778"}],"wp:term":[{"taxonomy":"category","embeddable":true,"href":"http:\/\/informeformosa.com.ar\/index.php?rest_route=%2Fwp%2Fv2%2Fcategories&post=53778"},{"taxonomy":"post_tag","embeddable":true,"href":"http:\/\/informeformosa.com.ar\/index.php?rest_route=%2Fwp%2Fv2%2Ftags&post=53778"}],"curies":[{"name":"wp","href":"https:\/\/api.w.org\/{rel}","templated":true}]}}