{"id":53772,"date":"2021-10-05T12:38:00","date_gmt":"2021-10-05T15:38:00","guid":{"rendered":"http:\/\/informeformosa.com.ar\/?p=53772"},"modified":"2021-10-06T12:40:47","modified_gmt":"2021-10-06T15:40:47","slug":"se-realizo-la-apertura-oficial-del-mes-de-la-inclusion","status":"publish","type":"post","link":"http:\/\/informeformosa.com.ar\/?p=53772","title":{"rendered":"Se realiz\u00f3 la apertura oficial del Mes de la Inclusi\u00f3n"},"content":{"rendered":"\n<p><em>Una vez m\u00e1s el Gobierno de la Provincia dio apertura al Mes de la Inclusi\u00f3n, este a\u00f1o bajo el lema \u201cM\u00e1s oportunidades, m\u00e1s derechos\u201d. En un ambiente de fiesta y alegr\u00eda, la misma se llev\u00f3 a cabo en la Plaza de las Banderas del Para\u00edso de los Ni\u00f1os.<\/em><\/p>\n\n\n\n<p>Organizado por el Consejo Provincial de Atenci\u00f3n, Promoci\u00f3n e Integraci\u00f3n de Personas con Discapacidad, el evento cont\u00f3 con la presencia del vicegobernador de la provincia Dr. Eber Sol\u00eds acompa\u00f1ado de otras autoridades y participaron tambi\u00e9n organizaciones libres del pueblo \u2013 OLP-, escuelas especiales, instituciones dependientes de la Direcci\u00f3n de personas con discapacidad y, por supuesto, familias, amigos y vecinos quienes fueron cordialmente invitados a esta fiesta.<\/p>\n\n\n\n<p>La ministra de la Comunidad, licenciada Gloria Gim\u00e9nez, en su car\u00e1cter de presidenta del Consejo salud\u00f3 a los presentes y manifest\u00f3 su \u201cagradecimiento especial a las familias que durante todo este tiempo de pandemia, se han adaptado a las medidas dispuestas, cuidaron a sus hijos y acompa\u00f1aron las pol\u00edticas sanitarias del gobierno y el plan de vacunaci\u00f3n que dio prioridad a las personas en situaci\u00f3n de vulnerabilidad\u201d.<\/p>\n\n\n\n<p>Por otro lado, destac\u00f3 el trabajo que vienen haciendo la direcci\u00f3n de discapacidad y todos los organismos que forman parte de este consejo, inst\u00e1ndolos a seguir trabajando todos unidos, por m\u00e1s oportunidades y m\u00e1s derechos visibles.<\/p>\n\n\n\n<p>Durante el acto se realizaron n\u00fameros art\u00edsticos, bailes, entrega de premios, degustaciones de frutas y jugos naturales. Alumnos de escuelas especiales realizaron un juego denominado \u201cIguales oportunidades\u201d con la participaci\u00f3n de los asistentes, cuyo prop\u00f3sito fue el de visibilizar las constantes dificultades que afrontan las personas con discapacidad y la importancia de brindar iguales oportunidades para todos en la sociedad.<\/p>\n\n\n\n<p>Asimismo, como una forma inclusiva de comunicar a todos por igual, una int\u00e9rprete en lenguaje de se\u00f1as tradujo el evento a las personas sordas, aprovechando la oportunidad para hacer visible el derecho a la accesibilidad de las personas con esta discapacidad.<\/p>\n\n\n\n<p>En cuanto al cronograma de actividades previsto, la directora de personas con discapacidad, Liliana Saavedra expres\u00f3 que \u201cSe realizar\u00e1n actividades art\u00edsticas, deportivas y recreativas a lo largo y ancho de la provincia durante todo el mes, adem\u00e1s de exposiciones de trabajos realizados en los talleres y otras actividades tendientes a la concientizaci\u00f3n, sensibilizaci\u00f3n e inclusi\u00f3n de personas con discapacidad\u201d.<\/p>\n","protected":false},"excerpt":{"rendered":"<p>Una vez m\u00e1s el Gobierno de la Provincia dio apertura al Mes de la Inclusi\u00f3n, este a\u00f1o bajo el lema \u201cM\u00e1s oportunidades, m\u00e1s derechos\u201d. En un ambiente de fiesta y alegr\u00eda, la misma se llev\u00f3 a cabo en la Plaza de las Banderas del Para\u00edso de los Ni\u00f1os. Organizado por el Consejo Provincial de Atenci\u00f3n, [&hellip;]<\/p>\n","protected":false},"author":11,"featured_media":53773,"comment_status":"closed","ping_status":"closed","sticky":false,"template":"","format":"standard","meta":{"footnotes":""},"categories":[2],"tags":[],"class_list":["post-53772","post","type-post","status-publish","format-standard","has-post-thumbnail","hentry","category-locales"],"_links":{"self":[{"href":"http:\/\/informeformosa.com.ar\/index.php?rest_route=\/wp\/v2\/posts\/53772","targetHints":{"allow":["GET"]}}],"collection":[{"href":"http:\/\/informeformosa.com.ar\/index.php?rest_route=\/wp\/v2\/posts"}],"about":[{"href":"http:\/\/informeformosa.com.ar\/index.php?rest_route=\/wp\/v2\/types\/post"}],"author":[{"embeddable":true,"href":"http:\/\/informeformosa.com.ar\/index.php?rest_route=\/wp\/v2\/users\/11"}],"replies":[{"embeddable":true,"href":"http:\/\/informeformosa.com.ar\/index.php?rest_route=%2Fwp%2Fv2%2Fcomments&post=53772"}],"version-history":[{"count":1,"href":"http:\/\/informeformosa.com.ar\/index.php?rest_route=\/wp\/v2\/posts\/53772\/revisions"}],"predecessor-version":[{"id":53774,"href":"http:\/\/informeformosa.com.ar\/index.php?rest_route=\/wp\/v2\/posts\/53772\/revisions\/53774"}],"wp:featuredmedia":[{"embeddable":true,"href":"http:\/\/informeformosa.com.ar\/index.php?rest_route=\/wp\/v2\/media\/53773"}],"wp:attachment":[{"href":"http:\/\/informeformosa.com.ar\/index.php?rest_route=%2Fwp%2Fv2%2Fmedia&parent=53772"}],"wp:term":[{"taxonomy":"category","embeddable":true,"href":"http:\/\/informeformosa.com.ar\/index.php?rest_route=%2Fwp%2Fv2%2Fcategories&post=53772"},{"taxonomy":"post_tag","embeddable":true,"href":"http:\/\/informeformosa.com.ar\/index.php?rest_route=%2Fwp%2Fv2%2Ftags&post=53772"}],"curies":[{"name":"wp","href":"https:\/\/api.w.org\/{rel}","templated":true}]}}