{"id":53769,"date":"2021-10-05T12:38:00","date_gmt":"2021-10-05T15:38:00","guid":{"rendered":"http:\/\/informeformosa.com.ar\/?p=53769"},"modified":"2021-10-06T12:41:41","modified_gmt":"2021-10-06T15:41:41","slug":"el-congreso-del-pj-formosa-proclamara-a-los-candidatos-a-diputados-provinciales","status":"publish","type":"post","link":"http:\/\/informeformosa.com.ar\/?p=53769","title":{"rendered":"El Congreso del PJ Formosa proclamar\u00e1  a los candidatos a diputados provinciales"},"content":{"rendered":"\n<p>Con las firmas del presidente Luis Eduardo L\u00f3pez Guaym\u00e1s y el secretario general dr. Armando Felipe Cabrera la mesa directiva provincial del Partido Justicialista \u2013 distrito Formosa- convoc\u00f3 a sesi\u00f3n extraordinaria del Congreso Provincial del PJ de la provincia de Formosa, para este domingo 10 de octubre a las 10 en el Estadio Centenario, sito en calle Fontana 1335 de la ciudad de Formosa.<\/p>\n\n\n\n<p>Durante el Congreso se ratificar\u00e1n todas las decisiones y designaciones ejecutadas por la Mesa Ejecutiva en cumplimiento de los cronogramas electorales, tanto en el orden nacional como provincial, tomadas durante el corriente a\u00f1o.<\/p>\n\n\n\n<p>Adem\u00e1s, se &nbsp;facultar\u00e1 a los apoderados del Partido a realizar todos los tr\u00e1mites necesarios para asegurar la efectiva participaci\u00f3n en las elecciones nacionales y provinciales a realizarse el 14 de noviembre de 2021, especialmente para efectuar las comunicaciones establecidas en la Ley provincial N\u00b0 1501.<\/p>\n\n\n\n<p>El punto tercero consiste en la aprobaci\u00f3n de los balances de 2019 y 2020 que se encuentran pendientes de aprobaci\u00f3n a la fecha por el cuerpo.<\/p>\n\n\n\n<p>Finalmente se proclamar\u00e1 la f\u00f3rmula de 15 candidatos titulares a diputados provinciales y ocho suplentes por el sublema \u201cAlianza Frente de Todos\u201d del Lema Partido Justicialista y dem\u00e1s sub lemas del PJ.<\/p>\n","protected":false},"excerpt":{"rendered":"<p>Con las firmas del presidente Luis Eduardo L\u00f3pez Guaym\u00e1s y el secretario general dr. Armando Felipe Cabrera la mesa directiva provincial del Partido Justicialista \u2013 distrito Formosa- convoc\u00f3 a sesi\u00f3n extraordinaria del Congreso Provincial del PJ de la provincia de Formosa, para este domingo 10 de octubre a las 10 en el Estadio Centenario, sito [&hellip;]<\/p>\n","protected":false},"author":11,"featured_media":53770,"comment_status":"closed","ping_status":"closed","sticky":false,"template":"","format":"standard","meta":{"footnotes":""},"categories":[3],"tags":[],"class_list":["post-53769","post","type-post","status-publish","format-standard","has-post-thumbnail","hentry","category-politica-y-economia"],"_links":{"self":[{"href":"http:\/\/informeformosa.com.ar\/index.php?rest_route=\/wp\/v2\/posts\/53769","targetHints":{"allow":["GET"]}}],"collection":[{"href":"http:\/\/informeformosa.com.ar\/index.php?rest_route=\/wp\/v2\/posts"}],"about":[{"href":"http:\/\/informeformosa.com.ar\/index.php?rest_route=\/wp\/v2\/types\/post"}],"author":[{"embeddable":true,"href":"http:\/\/informeformosa.com.ar\/index.php?rest_route=\/wp\/v2\/users\/11"}],"replies":[{"embeddable":true,"href":"http:\/\/informeformosa.com.ar\/index.php?rest_route=%2Fwp%2Fv2%2Fcomments&post=53769"}],"version-history":[{"count":1,"href":"http:\/\/informeformosa.com.ar\/index.php?rest_route=\/wp\/v2\/posts\/53769\/revisions"}],"predecessor-version":[{"id":53771,"href":"http:\/\/informeformosa.com.ar\/index.php?rest_route=\/wp\/v2\/posts\/53769\/revisions\/53771"}],"wp:featuredmedia":[{"embeddable":true,"href":"http:\/\/informeformosa.com.ar\/index.php?rest_route=\/wp\/v2\/media\/53770"}],"wp:attachment":[{"href":"http:\/\/informeformosa.com.ar\/index.php?rest_route=%2Fwp%2Fv2%2Fmedia&parent=53769"}],"wp:term":[{"taxonomy":"category","embeddable":true,"href":"http:\/\/informeformosa.com.ar\/index.php?rest_route=%2Fwp%2Fv2%2Fcategories&post=53769"},{"taxonomy":"post_tag","embeddable":true,"href":"http:\/\/informeformosa.com.ar\/index.php?rest_route=%2Fwp%2Fv2%2Ftags&post=53769"}],"curies":[{"name":"wp","href":"https:\/\/api.w.org\/{rel}","templated":true}]}}