{"id":53760,"date":"2021-10-04T12:26:00","date_gmt":"2021-10-04T15:26:00","guid":{"rendered":"http:\/\/informeformosa.com.ar\/?p=53760"},"modified":"2021-10-05T00:28:24","modified_gmt":"2021-10-05T03:28:24","slug":"insfran-encabezara-el-acto-por-el-dia-del-camino-y-del-trabajador-vial","status":"publish","type":"post","link":"http:\/\/informeformosa.com.ar\/?p=53760","title":{"rendered":"Insfr\u00e1n encabezar\u00e1 el acto por el D\u00eda del Camino y del Trabajador Vial"},"content":{"rendered":"\n<p>Este martes 5 de octubre, desde las 8 horas, el gobernador de la provincia, Gildo Insfr\u00e1n, presidir\u00e1 el acto por el D\u00eda del Trabajador Vial y del Camino, que se llevar\u00e1 a cabo en las instalaciones de la Direcci\u00f3n Provincial de Vialidad (DPV), ubicada en Jujuy N\u00b0599 de Formosa Capital.<\/p>\n\n\n\n<p>Del evento, adem\u00e1s, participar\u00e1 el administrador general de la DPV, Fernando De Vido, funcionarios provinciales y los trabajadores de la instituci\u00f3n que honran, cada a\u00f1o, a la misma.<\/p>\n\n\n\n<p>En esta ocasi\u00f3n, a diferencia del a\u00f1o pasado, la actividad podr\u00e1 realizarse de manera presencial con los pertinentes protocolos establecidos para tal fin, gracias al impecable estatus sanitario con el que cuenta la provincia hace ya varias semanas.<\/p>\n\n\n\n<p>El D\u00eda el Trabajador Vial se celebra en esta fecha porque en 1925 se desarroll\u00f3, en Buenos Aires, el 1\u00b0 Congreso Panamericano de Carreteras, donde se le dio entidad y relevancia a la estructura vial como patrimonio de la Naci\u00f3n y pieza fundamental del desarrollo social y econ\u00f3mico de los pueblos.<\/p>\n\n\n\n<p>En ese marco, Argentina es uno de los pocos pa\u00edses del mundo que tiene asignado en su calendario el \u201cD\u00eda del Camino\u201d, que se extiende a todos los trabajadores de la variada y compleja actividad vial, que abarca no solo la construcci\u00f3n de rutas, sino todo lo referente al se\u00f1alamiento, la conservaci\u00f3n y la seguridad vial.<\/p>\n\n\n\n<p>Tambi\u00e9n el 5 de octubre, pero de 1932 se promulg\u00f3 la Ley Nacional N\u00ba 11.658 que establec\u00eda la creaci\u00f3n de la Direcci\u00f3n Nacional de Vialidad, la cual se encargar\u00eda del estudio, proyecto, construcci\u00f3n, administraci\u00f3n y conservaci\u00f3n de la red vial nacional.<\/p>\n\n\n\n<p>Al 2021, una breve mirada hacia atr\u00e1s en el tiempo, permite ver que el camino recorrido fue adverso, pero que, con ideas claras, planificaci\u00f3n, el esfuerzo de la familia vial y el apoyo del gobierno provincial, la DPV Formosa avanza con optimismo hacia el horizonte de oportunidades que se presentan en este futuro inmediato.&nbsp;<\/p>\n","protected":false},"excerpt":{"rendered":"<p>Este martes 5 de octubre, desde las 8 horas, el gobernador de la provincia, Gildo Insfr\u00e1n, presidir\u00e1 el acto por el D\u00eda del Trabajador Vial y del Camino, que se llevar\u00e1 a cabo en las instalaciones de la Direcci\u00f3n Provincial de Vialidad (DPV), ubicada en Jujuy N\u00b0599 de Formosa Capital. Del evento, adem\u00e1s, participar\u00e1 el [&hellip;]<\/p>\n","protected":false},"author":11,"featured_media":53761,"comment_status":"closed","ping_status":"closed","sticky":false,"template":"","format":"standard","meta":{"footnotes":""},"categories":[2],"tags":[],"class_list":["post-53760","post","type-post","status-publish","format-standard","has-post-thumbnail","hentry","category-locales"],"_links":{"self":[{"href":"http:\/\/informeformosa.com.ar\/index.php?rest_route=\/wp\/v2\/posts\/53760","targetHints":{"allow":["GET"]}}],"collection":[{"href":"http:\/\/informeformosa.com.ar\/index.php?rest_route=\/wp\/v2\/posts"}],"about":[{"href":"http:\/\/informeformosa.com.ar\/index.php?rest_route=\/wp\/v2\/types\/post"}],"author":[{"embeddable":true,"href":"http:\/\/informeformosa.com.ar\/index.php?rest_route=\/wp\/v2\/users\/11"}],"replies":[{"embeddable":true,"href":"http:\/\/informeformosa.com.ar\/index.php?rest_route=%2Fwp%2Fv2%2Fcomments&post=53760"}],"version-history":[{"count":1,"href":"http:\/\/informeformosa.com.ar\/index.php?rest_route=\/wp\/v2\/posts\/53760\/revisions"}],"predecessor-version":[{"id":53762,"href":"http:\/\/informeformosa.com.ar\/index.php?rest_route=\/wp\/v2\/posts\/53760\/revisions\/53762"}],"wp:featuredmedia":[{"embeddable":true,"href":"http:\/\/informeformosa.com.ar\/index.php?rest_route=\/wp\/v2\/media\/53761"}],"wp:attachment":[{"href":"http:\/\/informeformosa.com.ar\/index.php?rest_route=%2Fwp%2Fv2%2Fmedia&parent=53760"}],"wp:term":[{"taxonomy":"category","embeddable":true,"href":"http:\/\/informeformosa.com.ar\/index.php?rest_route=%2Fwp%2Fv2%2Fcategories&post=53760"},{"taxonomy":"post_tag","embeddable":true,"href":"http:\/\/informeformosa.com.ar\/index.php?rest_route=%2Fwp%2Fv2%2Ftags&post=53760"}],"curies":[{"name":"wp","href":"https:\/\/api.w.org\/{rel}","templated":true}]}}