{"id":53757,"date":"2021-10-04T12:24:00","date_gmt":"2021-10-04T15:24:00","guid":{"rendered":"http:\/\/informeformosa.com.ar\/?p=53757"},"modified":"2021-10-05T00:25:45","modified_gmt":"2021-10-05T03:25:45","slug":"insfran-participara-del-acto-central-por-el-dia-del-heroe-formoseno","status":"publish","type":"post","link":"http:\/\/informeformosa.com.ar\/?p=53757","title":{"rendered":"Insfr\u00e1n participar\u00e1 del acto central por el D\u00eda del H\u00e9roe Formose\u00f1o"},"content":{"rendered":"\n<p><em>Como cada a\u00f1o, el mandatario homenajear\u00e1 a los combatientes ca\u00eddos el 5 de octubre de 1975.<\/em><\/p>\n\n\n\n<p>Este martes 5 de octubre, desde las 18 horas, el gobernador de la provincia, Gildo Insfr\u00e1n participar\u00e1 del acto central por el D\u00eda del H\u00e9roe Formose\u00f1o, en homenaje a los combatientes ca\u00eddos el 5 de octubre de 1975, que se llevar\u00e1 a cabo en las instalaciones del Regimiento de Infanter\u00eda Monte 29 de la ciudad capital.<\/p>\n\n\n\n<p>Las conmemoraciones de este d\u00eda inician desde las 8 horas con un homenaje a los soldados ca\u00eddos cuyos restos descansan en el interior provincial y en la Ciudad Aut\u00f3noma de Buenos Aires, y se llevar\u00e1n a cabo en las localidades de Las Lomitas, Pozo del Tigre, Estanislao del Campo, Ibarreta, Misi\u00f3n Tacaagl\u00e9, Clorinda, Mayor Villafa\u00f1e y el cementerio de Chacarita en CABA.<\/p>\n\n\n\n<p>A su vez, a las 9 horas, en el cementerio Virgen del Carmen de la ciudad de Formosa se honrar\u00e1 a los dem\u00e1s conscriptos que dieron su vida defendiendo el cuartel aquel fat\u00eddico domingo 5 de octubre.<\/p>\n\n\n\n<p>Tambi\u00e9n habr\u00e1 una parada militar como homenaje en el mural del monumento a los ca\u00eddos de la plaza 5 de octubre desde las 10 horas; y a las 11 ser\u00e1 la misa por el eterno descanso de las almas de los H\u00e9roes Ca\u00eddos en la capilla del barrio Militar.<\/p>\n\n\n\n<p>Luego, a las 16, hora en que sucedi\u00f3 el ataque, se encender\u00e1 la llama Votiva en el cenotafio a los ca\u00eddos, ubicado en el cuartel del Regimiento de Infanter\u00eda Monte 29.<\/p>\n\n\n\n<p>Y, por \u00faltimo, desde las 18 horas, ser\u00e1 el acto central del que participar\u00e1 el gobernador Insfr\u00e1n, en la plaza de Armas de la Victoria del RIM 29, que incluir\u00e1 la inauguraci\u00f3n de la campana del \u201cH\u00e9roe Formose\u00f1o\u201d, donada por la ciudadan\u00eda de Formosa.<\/p>\n","protected":false},"excerpt":{"rendered":"<p>Como cada a\u00f1o, el mandatario homenajear\u00e1 a los combatientes ca\u00eddos el 5 de octubre de 1975. Este martes 5 de octubre, desde las 18 horas, el gobernador de la provincia, Gildo Insfr\u00e1n participar\u00e1 del acto central por el D\u00eda del H\u00e9roe Formose\u00f1o, en homenaje a los combatientes ca\u00eddos el 5 de octubre de 1975, que [&hellip;]<\/p>\n","protected":false},"author":11,"featured_media":53758,"comment_status":"closed","ping_status":"closed","sticky":false,"template":"","format":"standard","meta":{"footnotes":""},"categories":[21],"tags":[],"class_list":["post-53757","post","type-post","status-publish","format-standard","has-post-thumbnail","hentry","category-provinciales"],"_links":{"self":[{"href":"http:\/\/informeformosa.com.ar\/index.php?rest_route=\/wp\/v2\/posts\/53757","targetHints":{"allow":["GET"]}}],"collection":[{"href":"http:\/\/informeformosa.com.ar\/index.php?rest_route=\/wp\/v2\/posts"}],"about":[{"href":"http:\/\/informeformosa.com.ar\/index.php?rest_route=\/wp\/v2\/types\/post"}],"author":[{"embeddable":true,"href":"http:\/\/informeformosa.com.ar\/index.php?rest_route=\/wp\/v2\/users\/11"}],"replies":[{"embeddable":true,"href":"http:\/\/informeformosa.com.ar\/index.php?rest_route=%2Fwp%2Fv2%2Fcomments&post=53757"}],"version-history":[{"count":1,"href":"http:\/\/informeformosa.com.ar\/index.php?rest_route=\/wp\/v2\/posts\/53757\/revisions"}],"predecessor-version":[{"id":53759,"href":"http:\/\/informeformosa.com.ar\/index.php?rest_route=\/wp\/v2\/posts\/53757\/revisions\/53759"}],"wp:featuredmedia":[{"embeddable":true,"href":"http:\/\/informeformosa.com.ar\/index.php?rest_route=\/wp\/v2\/media\/53758"}],"wp:attachment":[{"href":"http:\/\/informeformosa.com.ar\/index.php?rest_route=%2Fwp%2Fv2%2Fmedia&parent=53757"}],"wp:term":[{"taxonomy":"category","embeddable":true,"href":"http:\/\/informeformosa.com.ar\/index.php?rest_route=%2Fwp%2Fv2%2Fcategories&post=53757"},{"taxonomy":"post_tag","embeddable":true,"href":"http:\/\/informeformosa.com.ar\/index.php?rest_route=%2Fwp%2Fv2%2Ftags&post=53757"}],"curies":[{"name":"wp","href":"https:\/\/api.w.org\/{rel}","templated":true}]}}