{"id":53735,"date":"2021-10-03T12:31:00","date_gmt":"2021-10-03T15:31:00","guid":{"rendered":"http:\/\/informeformosa.com.ar\/?p=53735"},"modified":"2021-10-04T00:31:35","modified_gmt":"2021-10-04T03:31:35","slug":"bibolini-celebro-que-la-capital-no-haya-registrado-casos-de-covid-19","status":"publish","type":"post","link":"http:\/\/informeformosa.com.ar\/?p=53735","title":{"rendered":"Bibolini celebr\u00f3 que la Capital no haya registrado casos de COVID-19"},"content":{"rendered":"\n<p><em>El m\u00e9dico infect\u00f3logo Juli\u00e1n Bibolini celebr\u00f3 que la capital formose\u00f1a no haya registrado casos de COVID-19 el domingo y fundament\u00f3 este logro en el gran trabajo que llev\u00f3 adelante la comunidad en el cumplimiento de las medidas sanitarias severas que debi\u00f3 tomar el gobierno provincial para afrontar la pandemia.<\/em><\/p>\n\n\n\n<p>En contacto con la Agencia de Noticias Formosa (<strong>Agenfor)<\/strong> el m\u00e9dico e integrante del Consejo de Atenci\u00f3n Integral de la Emergencia COVID-19 consider\u00f3 que \u201cComo siempre dice el gobernador, la gesti\u00f3n se mide por los resultados y estos demuestran que cada vez estamos mejor, igualmente esto no quiere decir que no habr\u00e1 m\u00e1s casos, al contrario, pueden aparecer muy espor\u00e1dicos\u201d.&nbsp;<\/p>\n\n\n\n<p>\u201cEn esta oportunidad nos dio cero casos, as\u00ed que estamos felices\u201d y se\u00f1al\u00f3 que se repetir\u00e1 en Formosa lo ocurrido con Clorinda, que en un momento tuvo una situaci\u00f3n muy \u201c\u00e1lgida\u201d y en la actualidad tiene casos muy ocasionales.<\/p>\n\n\n\n<p>Dijo que la actual situaci\u00f3n epidemiol\u00f3gica de la provincia permiti\u00f3 la adhesi\u00f3n a las medidas implementadas por Naci\u00f3n en cuanto a flexibilizaciones y refuerza todo aquello que se est\u00e1 haciendo bien.<\/p>\n\n\n\n<p>No obstante aclar\u00f3 que \u201cno quiere decir que dejemos de usar el barbijo, al contrario desde el Consejo pedimos que continuemos us\u00e1ndolo, porque este registro cero ojal\u00e1 se mantenga as\u00ed, y seguramente es gracias al barbijo\u201d y a la exitosa campa\u00f1a de vacunaci\u00f3n llevada adelante.<\/p>\n\n\n\n<p>En ese contexto inform\u00f3 Juli\u00e1n Bibolini que en la actualidad Formosa tiene vacunada al 91% de la poblaci\u00f3n objetivo o al 70% de la poblaci\u00f3n de Formosa con una dosis, y en segunda dosis la poblaci\u00f3n objetivo&nbsp; (de 12 a\u00f1os o m\u00e1s) est\u00e1 llegando al 61%, mientras que en poblaci\u00f3n total el porcentaje llega al 48%.<\/p>\n\n\n\n<p>El infect\u00f3logo coment\u00f3 que en la actualidad cinco personas est\u00e1n internadas en el Hospital Evita, con asistencia respiratoria mec\u00e1nica con diagn\u00f3stico COVID, tras confirm\u00f3 que ya no hay pacientes que revistan esta gravedad en el HAC, como tampoco en el hospital Cruz Felipe Arnedo de Clorinda. En el Hospital Central permanece internado un paciente.<\/p>\n\n\n\n<p><strong>Vacunaci\u00f3n menores<\/strong><\/p>\n\n\n\n<p>El Gobierno anunci\u00f3 este viernes que los ni\u00f1os de entre 3 y 11 a\u00f1os ser\u00e1n inmunizados contra el coronavirus con la vacuna china Sinopharm, tras la aprobaci\u00f3n de la Administraci\u00f3n Nacional de Medicamentos, Alimentos y Tecnolog\u00eda M\u00e9dica (Anmat), lo que permitir\u00e1 completar la inoculaci\u00f3n de esa franja etaria de la poblaci\u00f3n antes de fin de a\u00f1o.<\/p>\n\n\n\n<p>Al respecto, Bibolini se\u00f1al\u00f3 que \u201cNaci\u00f3n tiene un stock destinado a eso, se empezar\u00e1 a repartir y por supuesto a colocar apenas llegue\u201d.<\/p>\n\n\n\n<p>Explic\u00f3 que la implementaci\u00f3n de nuevas flexibilizaciones para la comunidad no significa que haya que descuidar las medidas ya conocidas para la prevenci\u00f3n del contagio: uso del barbijo, distanciamiento entre personas y el lavado frecuente de manos.<\/p>\n\n\n\n<p><strong>Fueron medidas necesarias<\/strong><\/p>\n\n\n\n<p>Finalmente el m\u00e9dico analiz\u00f3 en forma global el manejo de la pandemia en Formosa al recordar que la provincia vivi\u00f3 un solo momento muy cr\u00edtico que sorte\u00f3 sin que \u201cnadie se qued\u00f3 sin terapia intensiva ni sin ox\u00edgeno\u201d.<\/p>\n\n\n\n<p>En ese sentido record\u00f3 \u201ccuanta gente vimos en los noticieros que hac\u00edan cola para ingresar a los hospitales, para obtener un tubo de ox\u00edgeno. Eso no pas\u00f3 en Formosa y se debi\u00f3 al trabajo hecho\u201d.<\/p>\n\n\n\n<p>Dijo que la exigencia de las medidas por parte del gobierno provincial deriv\u00f3 en muchas cr\u00edticas- que perduran hasta el d\u00eda de hoy- pero record\u00f3 que \u201cSi nos tocaba (la primera ola) ni bien empezaba, no hubiera estado habilitado el Hospital Evita, ni conseguido y repartido todos los respiradores\u201d.<\/p>\n\n\n\n<p>Se\u00f1al\u00f3 que esa situaci\u00f3n hubiera sido muy dif\u00edcil, calculando que se habr\u00eda perdido la vida de por lo menos tres mil personas. \u201cTodas las vidas que se salvaron, fue gracias a las medidas que tomamos el a\u00f1o pasado\u201d finaliz\u00f3 diciendo.<\/p>\n","protected":false},"excerpt":{"rendered":"<p>El m\u00e9dico infect\u00f3logo Juli\u00e1n Bibolini celebr\u00f3 que la capital formose\u00f1a no haya registrado casos de COVID-19 el domingo y fundament\u00f3 este logro en el gran trabajo que llev\u00f3 adelante la comunidad en el cumplimiento de las medidas sanitarias severas que debi\u00f3 tomar el gobierno provincial para afrontar la pandemia. En contacto con la Agencia de [&hellip;]<\/p>\n","protected":false},"author":11,"featured_media":53740,"comment_status":"closed","ping_status":"closed","sticky":false,"template":"","format":"standard","meta":{"footnotes":""},"categories":[12],"tags":[],"class_list":["post-53735","post","type-post","status-publish","format-standard","has-post-thumbnail","hentry","category-salud"],"_links":{"self":[{"href":"http:\/\/informeformosa.com.ar\/index.php?rest_route=\/wp\/v2\/posts\/53735","targetHints":{"allow":["GET"]}}],"collection":[{"href":"http:\/\/informeformosa.com.ar\/index.php?rest_route=\/wp\/v2\/posts"}],"about":[{"href":"http:\/\/informeformosa.com.ar\/index.php?rest_route=\/wp\/v2\/types\/post"}],"author":[{"embeddable":true,"href":"http:\/\/informeformosa.com.ar\/index.php?rest_route=\/wp\/v2\/users\/11"}],"replies":[{"embeddable":true,"href":"http:\/\/informeformosa.com.ar\/index.php?rest_route=%2Fwp%2Fv2%2Fcomments&post=53735"}],"version-history":[{"count":1,"href":"http:\/\/informeformosa.com.ar\/index.php?rest_route=\/wp\/v2\/posts\/53735\/revisions"}],"predecessor-version":[{"id":53741,"href":"http:\/\/informeformosa.com.ar\/index.php?rest_route=\/wp\/v2\/posts\/53735\/revisions\/53741"}],"wp:featuredmedia":[{"embeddable":true,"href":"http:\/\/informeformosa.com.ar\/index.php?rest_route=\/wp\/v2\/media\/53740"}],"wp:attachment":[{"href":"http:\/\/informeformosa.com.ar\/index.php?rest_route=%2Fwp%2Fv2%2Fmedia&parent=53735"}],"wp:term":[{"taxonomy":"category","embeddable":true,"href":"http:\/\/informeformosa.com.ar\/index.php?rest_route=%2Fwp%2Fv2%2Fcategories&post=53735"},{"taxonomy":"post_tag","embeddable":true,"href":"http:\/\/informeformosa.com.ar\/index.php?rest_route=%2Fwp%2Fv2%2Ftags&post=53735"}],"curies":[{"name":"wp","href":"https:\/\/api.w.org\/{rel}","templated":true}]}}