{"id":53720,"date":"2021-10-01T23:20:07","date_gmt":"2021-10-02T02:20:07","guid":{"rendered":"http:\/\/informeformosa.com.ar\/?p=53720"},"modified":"2021-10-01T23:20:10","modified_gmt":"2021-10-02T02:20:10","slug":"para-zambon-los-recientes-frentes-de-tormenta-cambian-la-situacion-de-extrema-sequia-y-permiten-pensar-en-otro-horizonte","status":"publish","type":"post","link":"http:\/\/informeformosa.com.ar\/?p=53720","title":{"rendered":"Para Zamb\u00f3n los recientes frentes de tormenta cambian la situaci\u00f3n de extrema sequ\u00eda y permiten \u201cpensar en otro horizonte\u201d"},"content":{"rendered":"\n<p><em>Aunque adviriti\u00f3 que, reci\u00e9n a fin de a\u00f1o, suceder\u00e1n las precipitaciones en la alta cuenca.<\/em><\/p>\n\n\n\n<p>El administrador de la Unidad Provincial Coordinadora del Agua (UPCA), ingeniero Horacio Zamb\u00f3n, dialog\u00f3 con la <strong>Agencia de Noticias de Formosa<\/strong> acerca de los recientes frentes de tormentas que se dieron en la provincia de y anticip\u00f3 que \u201cest\u00e1 cambiando la situaci\u00f3n de extrema sequ\u00eda\u201d.<\/p>\n\n\n\n<p>\u201cEl mes de septiembre ya fue una constante la presencia de diferentes frentes de tormentas que se est\u00e1 dando en toda la regi\u00f3n, por suerte, si bien no son frentes que arrojan un gran volumen de agua, sino de 20 o 10 mil\u00edmetros en algunos, con lo cual ya est\u00e1 cambiando la situaci\u00f3n de extrema sequ\u00eda que ten\u00edamos atr\u00e1s y nos permite pensar en otro horizonte\u201d, sostuvo.<\/p>\n\n\n\n<p>En ese marco, el responsable del \u00e1rea sugiri\u00f3 comparar la situaci\u00f3n actual con la del a\u00f1o 2020 y consider\u00f3 que \u201cfue muy parecida\u201d pero resalt\u00f3 que \u201cestos frentes se dieron reci\u00e9n el 15 de octubre y ahora fue a inicio de septiembre\u201d.<\/p>\n\n\n\n<p>\u201cLa naturaleza muchas veces nos muestra estos desniveles diferenciados en un mes, lo cual es normal, pero hemos tenido una sucesi\u00f3n de frentes del martes, mi\u00e9rcoles y tenemos viernes y s\u00e1bado con precipitaciones\u201d, se\u00f1al\u00f3.<\/p>\n\n\n\n<p>Adem\u00e1s, indic\u00f3 que la zona m\u00e1s afectada es la regi\u00f3n este de la provincia, es decir, desde Ibarreta hacia el este, \u201cfundamentalmente la sudeste, todo lo que es el sector contra el r\u00edo Bermejo est\u00e1 m\u00e1s afectada con estos frentes que en cierta manera ya traen alivio a toda la regi\u00f3n agropecuaria\u201d.<\/p>\n\n\n\n<p>\u201cComo lo vengo diciendo tambi\u00e9n faltar\u00eda mayor volumen de agua precipitada como para recargar algunos acu\u00edferos, que muchas veces se utilizan de reserva para todas las actividades agropecuarias y de consumo humano, pero mientras tanto, esta es una buena noticia\u201d, asever\u00f3.<\/p>\n\n\n\n<p>En cuanto a los r\u00edos Bermejo y Pilcomayo, Zamb\u00f3n record\u00f3 que la caracter\u00edstica principal es que los frentes se har\u00e1n presentes a fin de a\u00f1o, en diciembre, \u201cgeneralmente para las fiestas de fin de a\u00f1o es que suceden precipitaciones en la alta cuenca, territorios de Bolivia, Salta, Jujuy y reci\u00e9n comienza a pronunciarse en una manera diferente\u201d.<\/p>\n\n\n\n<p>Por \u00faltimo, en lo que respecta al rio Paraguay, argument\u00f3 que \u201csigue con una constante permanente desde sus nacientes en territorio brasilero, paraguayo, y en todos los puertos con su informaci\u00f3n diaria nos demuestra que baja paulatinamente en forma sostenida\u201d.<\/p>\n\n\n\n<p>\u201cEl puerto de Formosa est\u00e1 manteniendo en casi 50, 40 y algo cent\u00edmetros por debajo del cero, lo cual es bueno desde el punto de vista que se mantenga, aunque sea unos d\u00edas con estos niveles\u201d, explic\u00f3.<\/p>\n\n\n\n<p>Y concluy\u00f3: \u201cPero la tendencia general es una bajante, a\u00fan sin pronunciamiento positivo en recargas del gran pantanal que es este ecosistema important\u00edsimo que tenemos en la cabecera de la cuenca del r\u00edo Paraguay\u201d.<\/p>\n","protected":false},"excerpt":{"rendered":"<p>Aunque adviriti\u00f3 que, reci\u00e9n a fin de a\u00f1o, suceder\u00e1n las precipitaciones en la alta cuenca. El administrador de la Unidad Provincial Coordinadora del Agua (UPCA), ingeniero Horacio Zamb\u00f3n, dialog\u00f3 con la Agencia de Noticias de Formosa acerca de los recientes frentes de tormentas que se dieron en la provincia de y anticip\u00f3 que \u201cest\u00e1 cambiando [&hellip;]<\/p>\n","protected":false},"author":11,"featured_media":53725,"comment_status":"closed","ping_status":"closed","sticky":false,"template":"","format":"standard","meta":{"footnotes":""},"categories":[2],"tags":[],"class_list":["post-53720","post","type-post","status-publish","format-standard","has-post-thumbnail","hentry","category-locales"],"_links":{"self":[{"href":"http:\/\/informeformosa.com.ar\/index.php?rest_route=\/wp\/v2\/posts\/53720","targetHints":{"allow":["GET"]}}],"collection":[{"href":"http:\/\/informeformosa.com.ar\/index.php?rest_route=\/wp\/v2\/posts"}],"about":[{"href":"http:\/\/informeformosa.com.ar\/index.php?rest_route=\/wp\/v2\/types\/post"}],"author":[{"embeddable":true,"href":"http:\/\/informeformosa.com.ar\/index.php?rest_route=\/wp\/v2\/users\/11"}],"replies":[{"embeddable":true,"href":"http:\/\/informeformosa.com.ar\/index.php?rest_route=%2Fwp%2Fv2%2Fcomments&post=53720"}],"version-history":[{"count":1,"href":"http:\/\/informeformosa.com.ar\/index.php?rest_route=\/wp\/v2\/posts\/53720\/revisions"}],"predecessor-version":[{"id":53726,"href":"http:\/\/informeformosa.com.ar\/index.php?rest_route=\/wp\/v2\/posts\/53720\/revisions\/53726"}],"wp:featuredmedia":[{"embeddable":true,"href":"http:\/\/informeformosa.com.ar\/index.php?rest_route=\/wp\/v2\/media\/53725"}],"wp:attachment":[{"href":"http:\/\/informeformosa.com.ar\/index.php?rest_route=%2Fwp%2Fv2%2Fmedia&parent=53720"}],"wp:term":[{"taxonomy":"category","embeddable":true,"href":"http:\/\/informeformosa.com.ar\/index.php?rest_route=%2Fwp%2Fv2%2Fcategories&post=53720"},{"taxonomy":"post_tag","embeddable":true,"href":"http:\/\/informeformosa.com.ar\/index.php?rest_route=%2Fwp%2Fv2%2Ftags&post=53720"}],"curies":[{"name":"wp","href":"https:\/\/api.w.org\/{rel}","templated":true}]}}