{"id":53718,"date":"2021-10-01T23:17:01","date_gmt":"2021-10-02T02:17:01","guid":{"rendered":"http:\/\/informeformosa.com.ar\/?p=53718"},"modified":"2021-10-01T23:17:03","modified_gmt":"2021-10-02T02:17:03","slug":"importante-concurrencia-de-vecinos-de-maria-cristina-a-operativo-integral-del-gobierno","status":"publish","type":"post","link":"http:\/\/informeformosa.com.ar\/?p=53718","title":{"rendered":"Importante concurrencia de vecinos de Mar\u00eda Cristina a operativo integral del Gobierno"},"content":{"rendered":"\n<p><em>El Programa de \u201cAcci\u00f3n Comunitaria Todos Unidos\u201d avanza brindando servicios en el oeste provincial.<\/em><\/p>\n\n\n\n<p>El jueves 30 de septiembre y viernes 1 de octubre las atenciones se centran en El Potrillo, departamento Ram\u00f3n Lista, en la EPEP N\u00b0 316, con todos los servicios.<\/p>\n\n\n\n<p>En la primera jornada en El Potrillo se not\u00f3 una importante concurrencia de familias que asistieron para recibir asistencia m\u00e9dica integral, control de embarazo en el caso de las mujeres entre otras atenciones m\u00e9dicas. Adem\u00e1s, se efectuaron tr\u00e1mites de DNI (inscripci\u00f3n y renovaci\u00f3n), y hubo presencia del IAPA.<\/p>\n\n\n\n<p>Se llevaron a cabo adem\u00e1s actividades con ni\u00f1os y j\u00f3venes, con una hermosa funci\u00f3n de t\u00edteres, y hubo asesoramiento jur\u00eddico integral.<\/p>\n\n\n\n<p>La doctora Cristina Mirassou, subsecretaria de Gesti\u00f3n de Establecimientos Asistenciales de 1\u00b0 y 2\u00b0 Nivel, brind\u00f3 detalles a <strong>Agenfor<\/strong> sobre las atenciones integrales de salud que se brindan en comunidades del oeste formose\u00f1o.<\/p>\n\n\n\n<p>Entre las atenciones que se proporcionan mencion\u00f3 a la oftalmol\u00f3gica con entrega de anteojos, odontolog\u00eda, pediatr\u00eda, obstetricia, ginecolog\u00eda y cl\u00ednica m\u00e9dica, a los que se suman los equipos m\u00f3viles de electrocardiogramas, ecograf\u00edas y radiolog\u00eda con impresi\u00f3n de las placas.<\/p>\n\n\n\n<p>Tambi\u00e9n, la aplicaci\u00f3n de vacunas del calendario y contra el COVID-19 totalizando 250 dosis, adem\u00e1s de los servicios del Instituto de Investigaci\u00f3n, Asistencia y Prevenci\u00f3n de las Adicciones (IAPA) en prevenci\u00f3n y detecci\u00f3n de casos para tratamiento y acompa\u00f1amiento, adem\u00e1s de un espacio para mujeres.<\/p>\n\n\n\n<p>\u201cTuvimos una jornada muy linda, no solamente con gente de El Potrillo, sino de comunidades vecinas. A pesar del intenso calor, pero gracias a estas buenas escuelas que tenemos, todos los salones tienen su refrigeraci\u00f3n asi que trabajamos ah\u00ed, y adem\u00e1s pudimos ubicar sillas en las galer\u00edas y se pudieron hacer bien las atenciones hasta las 18 horas\u201d coment\u00f3 en contacto con <strong>Agenfor<\/strong>.<\/p>\n\n\n\n<p>En paralelo hubo reuniones con docentes de la zona con funcionarios del ministerio de Cultura y Educaci\u00f3n donde \u201cse comparti\u00f3 el momento actual epidemiol\u00f3gico que vivimos por el cual se pueden llevar a cabo este tipo de asistencia, que por la pandemia no se pudieron hacer en su momento\u201d explic\u00f3 la funcionaria.<\/p>\n\n\n\n<p><br>La actividad continuar\u00e1 este viernes El Potrillo y tambi\u00e9n en la comunidad de San Martin, el s\u00e1bado 2 est\u00e1 previsto llegar a Villa Devoto y El Divisadero, culminando la tarea.<\/p>\n","protected":false},"excerpt":{"rendered":"<p>El Programa de \u201cAcci\u00f3n Comunitaria Todos Unidos\u201d avanza brindando servicios en el oeste provincial. El jueves 30 de septiembre y viernes 1 de octubre las atenciones se centran en El Potrillo, departamento Ram\u00f3n Lista, en la EPEP N\u00b0 316, con todos los servicios. En la primera jornada en El Potrillo se not\u00f3 una importante concurrencia [&hellip;]<\/p>\n","protected":false},"author":11,"featured_media":53723,"comment_status":"closed","ping_status":"closed","sticky":false,"template":"","format":"standard","meta":{"footnotes":""},"categories":[11],"tags":[],"class_list":["post-53718","post","type-post","status-publish","format-standard","has-post-thumbnail","hentry","category-interior"],"_links":{"self":[{"href":"http:\/\/informeformosa.com.ar\/index.php?rest_route=\/wp\/v2\/posts\/53718","targetHints":{"allow":["GET"]}}],"collection":[{"href":"http:\/\/informeformosa.com.ar\/index.php?rest_route=\/wp\/v2\/posts"}],"about":[{"href":"http:\/\/informeformosa.com.ar\/index.php?rest_route=\/wp\/v2\/types\/post"}],"author":[{"embeddable":true,"href":"http:\/\/informeformosa.com.ar\/index.php?rest_route=\/wp\/v2\/users\/11"}],"replies":[{"embeddable":true,"href":"http:\/\/informeformosa.com.ar\/index.php?rest_route=%2Fwp%2Fv2%2Fcomments&post=53718"}],"version-history":[{"count":1,"href":"http:\/\/informeformosa.com.ar\/index.php?rest_route=\/wp\/v2\/posts\/53718\/revisions"}],"predecessor-version":[{"id":53724,"href":"http:\/\/informeformosa.com.ar\/index.php?rest_route=\/wp\/v2\/posts\/53718\/revisions\/53724"}],"wp:featuredmedia":[{"embeddable":true,"href":"http:\/\/informeformosa.com.ar\/index.php?rest_route=\/wp\/v2\/media\/53723"}],"wp:attachment":[{"href":"http:\/\/informeformosa.com.ar\/index.php?rest_route=%2Fwp%2Fv2%2Fmedia&parent=53718"}],"wp:term":[{"taxonomy":"category","embeddable":true,"href":"http:\/\/informeformosa.com.ar\/index.php?rest_route=%2Fwp%2Fv2%2Fcategories&post=53718"},{"taxonomy":"post_tag","embeddable":true,"href":"http:\/\/informeformosa.com.ar\/index.php?rest_route=%2Fwp%2Fv2%2Ftags&post=53718"}],"curies":[{"name":"wp","href":"https:\/\/api.w.org\/{rel}","templated":true}]}}