{"id":53716,"date":"2021-10-01T23:06:55","date_gmt":"2021-10-02T02:06:55","guid":{"rendered":"http:\/\/informeformosa.com.ar\/?p=53716"},"modified":"2021-10-01T23:06:58","modified_gmt":"2021-10-02T02:06:58","slug":"del-5-al-7-de-octubre-se-abonaran-las-pensiones-sociales-de-la-provincia","status":"publish","type":"post","link":"http:\/\/informeformosa.com.ar\/?p=53716","title":{"rendered":"Del 5 al 7 de octubre se abonar\u00e1n las pensiones sociales de la provincia"},"content":{"rendered":"\n<p><em>El Instituto de Pensiones Sociales (IPS) del Gobierno de Formosa, confirm\u00f3 que del 5 al 7 de octubre se abonar\u00e1n las pensiones sociales, con el 10% de aumento que corresponde al mes de septiembre, llegando as\u00ed al 42% de incremento.&nbsp;<\/em><\/p>\n\n\n\n<p>El cronograma dispuesto, de manera escalonada por terminaci\u00f3n de DNI, es el siguiente: el martes 5, documentos que terminen en 0, 1 y 2; el mi\u00e9rcoles 6, los terminados en 3, 4 y 5; finalizando el jueves 7, con los n\u00fameros 6, 7, 8 y 9.<\/p>\n\n\n\n<p>Cabe se\u00f1alar que, a partir de la decisi\u00f3n anunciada este jueves 30 por gobernador Gildo Insfr\u00e1n, en oportunidad de dejar inauguradas las obras de la Casa de la Solidaridad del barrio Guadalupe, tambi\u00e9n los beneficiarios tendr\u00e1n en octubre un aumento del 10%&nbsp; en sus asignaciones.&nbsp;<\/p>\n\n\n\n<p>Ello lo percibir\u00e1n en los primeros d\u00edas de noviembre, sumando as\u00ed el 52% de incremento en el presente a\u00f1o, por lo que desde el organismo ya se encuentran trabajando administrativamente a tal efecto.&nbsp;<\/p>\n\n\n\n<p><strong>Orden y previsibilidad<\/strong><\/p>\n\n\n\n<p>As\u00ed lo confirm\u00f3 el administrador del IPS, Hugo Arr\u00faa, a la <strong>Agencia de Noticias Formosa (AGENFOR)<\/strong>, quien al mismo tiempo destac\u00f3 que la medida salarial adoptada por el Gobierno para la Administraci\u00f3n P\u00fablica, la m\u00e1s importante a nivel pa\u00eds, \u201ces fruto del orden en las cuentas p\u00fablicas, la previsibilidad y sin contraer deudas, lo que permiten dar estos aumentos, pagando los sueldos en tiempo y forma\u201d.&nbsp;<\/p>\n\n\n\n<p>Adem\u00e1s resalt\u00f3 que \u201cse siguen haciendo obras con fondos provinciales\u201d, mencionando que en ese \u00e1mbito est\u00e1n pr\u00f3ximas a inaugurarse tambi\u00e9n las Casas de la Solidaridad de Lucio V. Mansilla, Villa Escolar, General G\u00fcemes, Palo Santo, y en la ciudad de Formosa, en el barrio La Floresta.&nbsp;<\/p>\n\n\n\n<p>\u201cAs\u00ed que estamos expectantes para poder hacerlo\u201d, acentu\u00f3 el funcionario, mostrando su satisfacci\u00f3n por la concreci\u00f3n de estos edificios, en los cuales se brindan m\u00faltiples atenciones a los adultos mayores.&nbsp;<\/p>\n\n\n\n<p><strong>Concreciones&nbsp;<\/strong><\/p>\n\n\n\n<p>Por otro lado, en el acto de inauguraci\u00f3n de las obras de ampliaci\u00f3n y refacci\u00f3n de la Casa de la Solidaridad del Guadalupe, el gobernador Insfr\u00e1n confirm\u00f3 la pr\u00f3xima construcci\u00f3n de una pileta terap\u00e9utica en ese espacio.&nbsp;<\/p>\n\n\n\n<p>Este hecho fue calificado como \u201crevolucionario\u201d por Arr\u00faa, al poner en relieve que le permitir\u00e1 a los adultos mayores hacer gimnasia y otras actividades, que traer\u00e1n muchos beneficios a su salud.&nbsp;&nbsp;&nbsp;<\/p>\n\n\n\n<p>A su vez, a medida que se va dando la presencialidad, con los debidos protocolos sanitarios por la pandemia, desde el IPS tambi\u00e9n se contin\u00faa trabajando en brindar los programas espec\u00edficos que tiene el organismo. \u201cPor supuesto, a los fines de que vivan cada vez mejor\u201d las personas de la tercera edad, enfatiz\u00f3 a la Agencia.&nbsp;<\/p>\n\n\n\n<p>Elecciones&nbsp;<\/p>\n\n\n\n<p>En otro orden, al hablar de las pr\u00f3ximas elecciones del 14 de noviembre, se\u00f1al\u00f3 tajante que el Gobierno de Formosa, \u201ccomo siempre lo ha hecho en cada proceso electoral, buscar\u00e1 plebiscitar su gesti\u00f3n, poniendo a consideraci\u00f3n de la gente lo que hemos hecho, lo que estamos haciendo y lo que pretendemos seguir realizando, junto al pueblo\u201d.&nbsp;<\/p>\n\n\n\n<p>Y a\u00f1adi\u00f3: \u201cPor eso, cuando hablamos del Modelo Formose\u00f1o, decimos que los formose\u00f1os nos hemos empoderado del mismo, porque nos pertenece en cada acto de inauguraci\u00f3n que se concreta\u201d.&nbsp;<\/p>\n\n\n\n<p>\u201cLos candidatos reales de este proyecto pol\u00edtico somos cada uno de los formose\u00f1os y en este sentido tenemos que tener la decisi\u00f3n de defenderlo\u201d, realz\u00f3 categ\u00f3rico.&nbsp;<\/p>\n\n\n\n<p>En cambio, la oposici\u00f3n \u201csiempre tiene un inter\u00e9s particular\u201d, reprob\u00f3, marcando que prueba de ello es la alianza conformada que responde a sus candidatos y sus aspiraciones personales, las que \u201cest\u00e1n totalmente alejadas de las demandas que tiene la sociedad\u201d.&nbsp;<\/p>\n\n\n\n<p><strong>D\u00eda del Adulto Mayor&nbsp;<\/strong><\/p>\n\n\n\n<p>Por \u00faltimo, refiri\u00e9ndose al D\u00eda Internacional del Adulto Mayor, celebrado este 1\u00b0 de octubre, Arr\u00faa sostuvo que tanto nivel provincial como nacional \u201ccomo peronistas seguimos trabajando por nuestros adultos mayores\u201d.&nbsp;<\/p>\n\n\n\n<p>\u201cEsto significa nada m\u00e1s y nada menos que mejorar la calidad de vida, de tener las mismas oportunidades como seres humanos, garantizadas por un Estado presente, que asegura sus derechos y los acompa\u00f1a\u201d, finaliz\u00f3.<\/p>\n","protected":false},"excerpt":{"rendered":"<p>El Instituto de Pensiones Sociales (IPS) del Gobierno de Formosa, confirm\u00f3 que del 5 al 7 de octubre se abonar\u00e1n las pensiones sociales, con el 10% de aumento que corresponde al mes de septiembre, llegando as\u00ed al 42% de incremento.&nbsp; El cronograma dispuesto, de manera escalonada por terminaci\u00f3n de DNI, es el siguiente: el martes [&hellip;]<\/p>\n","protected":false},"author":11,"featured_media":53721,"comment_status":"closed","ping_status":"closed","sticky":false,"template":"","format":"standard","meta":{"footnotes":""},"categories":[21],"tags":[],"class_list":["post-53716","post","type-post","status-publish","format-standard","has-post-thumbnail","hentry","category-provinciales"],"_links":{"self":[{"href":"http:\/\/informeformosa.com.ar\/index.php?rest_route=\/wp\/v2\/posts\/53716","targetHints":{"allow":["GET"]}}],"collection":[{"href":"http:\/\/informeformosa.com.ar\/index.php?rest_route=\/wp\/v2\/posts"}],"about":[{"href":"http:\/\/informeformosa.com.ar\/index.php?rest_route=\/wp\/v2\/types\/post"}],"author":[{"embeddable":true,"href":"http:\/\/informeformosa.com.ar\/index.php?rest_route=\/wp\/v2\/users\/11"}],"replies":[{"embeddable":true,"href":"http:\/\/informeformosa.com.ar\/index.php?rest_route=%2Fwp%2Fv2%2Fcomments&post=53716"}],"version-history":[{"count":1,"href":"http:\/\/informeformosa.com.ar\/index.php?rest_route=\/wp\/v2\/posts\/53716\/revisions"}],"predecessor-version":[{"id":53722,"href":"http:\/\/informeformosa.com.ar\/index.php?rest_route=\/wp\/v2\/posts\/53716\/revisions\/53722"}],"wp:featuredmedia":[{"embeddable":true,"href":"http:\/\/informeformosa.com.ar\/index.php?rest_route=\/wp\/v2\/media\/53721"}],"wp:attachment":[{"href":"http:\/\/informeformosa.com.ar\/index.php?rest_route=%2Fwp%2Fv2%2Fmedia&parent=53716"}],"wp:term":[{"taxonomy":"category","embeddable":true,"href":"http:\/\/informeformosa.com.ar\/index.php?rest_route=%2Fwp%2Fv2%2Fcategories&post=53716"},{"taxonomy":"post_tag","embeddable":true,"href":"http:\/\/informeformosa.com.ar\/index.php?rest_route=%2Fwp%2Fv2%2Ftags&post=53716"}],"curies":[{"name":"wp","href":"https:\/\/api.w.org\/{rel}","templated":true}]}}