{"id":53705,"date":"2021-09-30T18:29:45","date_gmt":"2021-09-30T21:29:45","guid":{"rendered":"http:\/\/informeformosa.com.ar\/?p=53705"},"modified":"2021-09-30T18:29:47","modified_gmt":"2021-09-30T21:29:47","slug":"sin-muertos-por-covid-se-diagnosticaron-10-casos-nuevos-este-jueves","status":"publish","type":"post","link":"http:\/\/informeformosa.com.ar\/?p=53705","title":{"rendered":"Sin muertos por COVID, se diagnosticaron 10 casos nuevos este jueves"},"content":{"rendered":"\n<p><em>Adem\u00e1s, con las jornadas de vacunaci\u00f3n del mi\u00e9rcoles pasado, el 60% de la poblaci\u00f3n ya complet\u00f3 su esquema de inmunizaci\u00f3n.<\/em><\/p>\n\n\n\n<p>El Consejo de Atenci\u00f3n Integral de la Emergencia COVID 19 \u201cDr. Enrique Servi\u00e1n\u201d inform\u00f3 que, en las \u00faltimas 24 horas, no se produjeron fallecimientos y 10 personas fueron diagnosticadas con coronavirus en toda la provincia.<\/p>\n\n\n\n<p>Los casos fueron detectados en personas de entre ocho y 47 a\u00f1os, en el marco de los 4144 test de vigilancia y b\u00fasqueda activa realizados en las \u00faltimas 24 horas con el 0,2% de positividad.<\/p>\n\n\n\n<p>Del total, cuatro son de Formosa Capital: dos b\u00fasquedas activas, un contacto y uno por s\u00edntomas; dos contactos estrechos de Belgrano; una b\u00fasqueda activa e Piran\u00e9 y otra de Las Lomitas; un contacto estrecho de El Colorado; una consulta por viaje de Bartolom\u00e9 de las Casas.<\/p>\n\n\n\n<p>Adem\u00e1s, se dar\u00e1 el alta m\u00e9dica a 22 pacientes recuperados que corresponden a tres localidades.<\/p>\n\n\n\n<p>En ese marco, al 30 de septiembre de 2021, en la provincia de Formosa se diagnosticaron 63.800 casos de coronavirus, de los cuales 62.348 se recuperaron, 175 siguen activos, 1.215 fallecieron, 62 egresaron de la provincia; y se llevaron a cabo 1.229.454 con el 5.19% de positividad acumulada.<\/p>\n\n\n\n<p><strong>Campa\u00f1a de vacunaci\u00f3n<\/strong><\/p>\n\n\n\n<p>En el marco de la campa\u00f1a de vacunaci\u00f3n contra el Covid-19 se reiter\u00f3 que, el pasado mi\u00e9rcoles completaron su esquema de vacunaci\u00f3n con la&nbsp; segunda dosis de Astrazeneca&nbsp; los vecinos de Buena Vista , El Espinillo , Subteniente Masaferro \u201cLoro Cu\u00e9\u201d, Villa Real , Soldado Heriberto D\u00e1valos Apayerey, Tres Lagunas , Villa Hermosa , Laguna Gallo, Misi\u00f3n Tacaagle , Port\u00f3n Negro , Gral. Belgrano, Loma San Pablo y El Cogoik, quienes hab\u00edan recibido la primera dosis de esta vacuna hasta el d\u00eda 16 de Agosto y tambi\u00e9n aquellos que hab\u00edan recibido la primera dosis de Sputnik V hasta&nbsp; el d\u00eda&nbsp; 6 de Septiembre.<\/p>\n\n\n\n<p>En las mismas localidades citadas tambi\u00e9n completaron su esquema de vacuna con la segunda dosis de Sinopharm quienes hab\u00edan recibido la primera dosis de esta vacuna hasta el d\u00eda 6 de septiembre.&nbsp;<\/p>\n\n\n\n<p>Con ellos, se super\u00f3 el 60% de la poblaci\u00f3n mayor de 12 a\u00f1os con el esquema completo de vacunaci\u00f3n.<\/p>\n\n\n\n<p>Por \u00faltimo, se record\u00f3 que este jueves recibieron la segunda dosis de la vacuna Sputnik V adultos de las clases 2003 y anteriores residentes en la ciudad de Formosa que hayan recibido su primera dosis de esta vacuna hasta el d\u00eda 9 de septiembre inclusive.<\/p>\n","protected":false},"excerpt":{"rendered":"<p>Adem\u00e1s, con las jornadas de vacunaci\u00f3n del mi\u00e9rcoles pasado, el 60% de la poblaci\u00f3n ya complet\u00f3 su esquema de inmunizaci\u00f3n. El Consejo de Atenci\u00f3n Integral de la Emergencia COVID 19 \u201cDr. Enrique Servi\u00e1n\u201d inform\u00f3 que, en las \u00faltimas 24 horas, no se produjeron fallecimientos y 10 personas fueron diagnosticadas con coronavirus en toda la provincia. [&hellip;]<\/p>\n","protected":false},"author":11,"featured_media":53709,"comment_status":"closed","ping_status":"closed","sticky":false,"template":"","format":"standard","meta":{"footnotes":""},"categories":[12],"tags":[],"class_list":["post-53705","post","type-post","status-publish","format-standard","has-post-thumbnail","hentry","category-salud"],"_links":{"self":[{"href":"http:\/\/informeformosa.com.ar\/index.php?rest_route=\/wp\/v2\/posts\/53705","targetHints":{"allow":["GET"]}}],"collection":[{"href":"http:\/\/informeformosa.com.ar\/index.php?rest_route=\/wp\/v2\/posts"}],"about":[{"href":"http:\/\/informeformosa.com.ar\/index.php?rest_route=\/wp\/v2\/types\/post"}],"author":[{"embeddable":true,"href":"http:\/\/informeformosa.com.ar\/index.php?rest_route=\/wp\/v2\/users\/11"}],"replies":[{"embeddable":true,"href":"http:\/\/informeformosa.com.ar\/index.php?rest_route=%2Fwp%2Fv2%2Fcomments&post=53705"}],"version-history":[{"count":1,"href":"http:\/\/informeformosa.com.ar\/index.php?rest_route=\/wp\/v2\/posts\/53705\/revisions"}],"predecessor-version":[{"id":53710,"href":"http:\/\/informeformosa.com.ar\/index.php?rest_route=\/wp\/v2\/posts\/53705\/revisions\/53710"}],"wp:featuredmedia":[{"embeddable":true,"href":"http:\/\/informeformosa.com.ar\/index.php?rest_route=\/wp\/v2\/media\/53709"}],"wp:attachment":[{"href":"http:\/\/informeformosa.com.ar\/index.php?rest_route=%2Fwp%2Fv2%2Fmedia&parent=53705"}],"wp:term":[{"taxonomy":"category","embeddable":true,"href":"http:\/\/informeformosa.com.ar\/index.php?rest_route=%2Fwp%2Fv2%2Fcategories&post=53705"},{"taxonomy":"post_tag","embeddable":true,"href":"http:\/\/informeformosa.com.ar\/index.php?rest_route=%2Fwp%2Fv2%2Ftags&post=53705"}],"curies":[{"name":"wp","href":"https:\/\/api.w.org\/{rel}","templated":true}]}}