{"id":53703,"date":"2021-09-30T18:27:14","date_gmt":"2021-09-30T21:27:14","guid":{"rendered":"http:\/\/informeformosa.com.ar\/?p=53703"},"modified":"2021-09-30T18:27:17","modified_gmt":"2021-09-30T21:27:17","slug":"garcia-critico-el-acuerdo-entre-carbajal-y-neme-no-les-importa-la-gente","status":"publish","type":"post","link":"http:\/\/informeformosa.com.ar\/?p=53703","title":{"rendered":"Garc\u00eda critic\u00f3 el acuerdo entre Carbajal y Neme: \u201cNo les importa la gente\u201d"},"content":{"rendered":"\n<p>Elena Garc\u00eda, candidata titular en segundo t\u00e9rmino a diputada nacional por el Frente de Todos-Formosa, critic\u00f3 el acuerdo electoral que realizaran Fernando Carbajal y Gabriela Neme para los comicios de noviembre.&nbsp;<\/p>\n\n\n\n<p>En declaraciones a <strong>AGENFOR,<\/strong> afirm\u00f3 que \u201cson claros los objetivos de intereses individuales (de Carbajal y Neme). Ellos mismos lo dijeron en la conferencia de prensa al presentar el acuerdo. Y sucedi\u00f3 lo que ven\u00edamos advirtiendo: una vez m\u00e1s defraudan al electorado porque faltan al compromiso con el elector que los vot\u00f3\u201d.&nbsp;<\/p>\n\n\n\n<p>\u201cEn la campa\u00f1a para las PASO los escuch\u00e1bamos criticarse unos a otros y ahora conformaron una alianza, no les importa la gente\u201d, reprob\u00f3.&nbsp;<\/p>\n\n\n\n<p>En total contraste, desde el FdT, \u201cestamos m\u00e1s all\u00e1 de eso, trabajamos todos los d\u00edas para los formose\u00f1os, nuestro compromiso es con ellos\u201d.&nbsp;&nbsp;<\/p>\n\n\n\n<p>Adem\u00e1s, la concejal capitalina repudi\u00f3 que tanto Carbajal como Neme \u201cle mientan a la sociedad\u201d y hayan \u201cutilizado\u201d la pandemia del COVID-19 y el dolor de los familiares de las v\u00edctimas.&nbsp;<\/p>\n\n\n\n<p>\u201cSe han aprovechado de esta situaci\u00f3n, en vez de ser responsables con la sociedad y cuidar a la gente\u201d, conden\u00f3, recordando que Carbajal fue juez federal y \u201cahora es candidato\u201d, al igual que \u201cla abogada (Neme) que presentaba los amparos judiciales\u201d.&nbsp;<\/p>\n\n\n\n<p><strong>Sin propuestas&nbsp;<\/strong><\/p>\n\n\n\n<p>A su vez, la doctora Garc\u00eda hizo notar que los candidatos opositores de \u201ccabalgan sobre el descontento, pero no proponen hacer nada\u201d.&nbsp;<\/p>\n\n\n\n<p>\u201cSi hablamos de lo econ\u00f3mico, \u00bfqu\u00e9 pueden ofrecer para solucionar algo? Nada, porque en los cuatro a\u00f1os que fueron Gobierno endeudaron al pa\u00eds, no cumplieron con nada de lo que dec\u00edan, ni siquiera votaron la modificaci\u00f3n del Impuesto a las Ganancias y se opusieron a todo crecimiento\u201d, arremeti\u00f3.&nbsp;<\/p>\n\n\n\n<p>Tras marcar que \u201cno tienen propuestas positivas para salir adelante\u201d, fustig\u00f3 categ\u00f3rica: \u201cEst\u00e1n en contra de los trabajadores, hacen todo lo que signifique precarizar el trabajo y dejar de lado los derechos laborales\u201d.<\/p>\n\n\n\n<p>Y carg\u00f3 contra el Gobierno de Mauricio Macri al sentenciar que \u201catentan contra el pa\u00eds porque esa cantidad de plata de deuda que tomaron no se ha visto traducida en nada. Ese endeudamiento repercute en la libertad de todos los argentinos\u201d.&nbsp;&nbsp;<\/p>\n\n\n\n<p><strong>Nacional y popular&nbsp;<\/strong><\/p>\n\n\n\n<p>Asimismo, la candidata del FdT subray\u00f3 a esta Agencia que \u201cvamos a seguir trabajando todos los d\u00edas para los vecinos de todas las localidades de la provincia\u201d, ya que \u201clo importante es continuar para reconstruir el pa\u00eds\u201d.&nbsp;<\/p>\n\n\n\n<p>\u201cNos presentamos como representantes de un modelo nacional y popular que permanentemente est\u00e1 ampliando derechos y formamos parte de un sector que apoya a la salud y la educaci\u00f3n p\u00fablicas, que son bastiones de nuestro proyecto pol\u00edtico\u201d, enfatiz\u00f3.&nbsp;<\/p>\n\n\n\n<p>Y puso de relieve la inversi\u00f3n en dichas \u00e1reas, contrastando que en la gesti\u00f3n nacional macrista se desfinanciaron completamente, adem\u00e1s de que ponder\u00f3 las acciones desarrolladas por la Naci\u00f3n y la provincia para enfrentar la pandemia y la campa\u00f1a de vacunaci\u00f3n contra el coronavirus.&nbsp;<\/p>\n\n\n\n<p>Al valorar la educaci\u00f3n p\u00fablica, resalt\u00f3 que \u201chace a libertad de las personas\u201d, advirtiendo que desde la oposici\u00f3n \u201cquieren privatizar la educaci\u00f3n y buscan quitarles los derechos a los j\u00f3venes para que no puedan acceder de forma igualitaria al sistema educativo p\u00fablico\u201d.&nbsp;<\/p>\n","protected":false},"excerpt":{"rendered":"<p>Elena Garc\u00eda, candidata titular en segundo t\u00e9rmino a diputada nacional por el Frente de Todos-Formosa, critic\u00f3 el acuerdo electoral que realizaran Fernando Carbajal y Gabriela Neme para los comicios de noviembre.&nbsp; En declaraciones a AGENFOR, afirm\u00f3 que \u201cson claros los objetivos de intereses individuales (de Carbajal y Neme). Ellos mismos lo dijeron en la conferencia [&hellip;]<\/p>\n","protected":false},"author":11,"featured_media":53707,"comment_status":"closed","ping_status":"closed","sticky":false,"template":"","format":"standard","meta":{"footnotes":""},"categories":[3],"tags":[],"class_list":["post-53703","post","type-post","status-publish","format-standard","has-post-thumbnail","hentry","category-politica-y-economia"],"_links":{"self":[{"href":"http:\/\/informeformosa.com.ar\/index.php?rest_route=\/wp\/v2\/posts\/53703","targetHints":{"allow":["GET"]}}],"collection":[{"href":"http:\/\/informeformosa.com.ar\/index.php?rest_route=\/wp\/v2\/posts"}],"about":[{"href":"http:\/\/informeformosa.com.ar\/index.php?rest_route=\/wp\/v2\/types\/post"}],"author":[{"embeddable":true,"href":"http:\/\/informeformosa.com.ar\/index.php?rest_route=\/wp\/v2\/users\/11"}],"replies":[{"embeddable":true,"href":"http:\/\/informeformosa.com.ar\/index.php?rest_route=%2Fwp%2Fv2%2Fcomments&post=53703"}],"version-history":[{"count":1,"href":"http:\/\/informeformosa.com.ar\/index.php?rest_route=\/wp\/v2\/posts\/53703\/revisions"}],"predecessor-version":[{"id":53708,"href":"http:\/\/informeformosa.com.ar\/index.php?rest_route=\/wp\/v2\/posts\/53703\/revisions\/53708"}],"wp:featuredmedia":[{"embeddable":true,"href":"http:\/\/informeformosa.com.ar\/index.php?rest_route=\/wp\/v2\/media\/53707"}],"wp:attachment":[{"href":"http:\/\/informeformosa.com.ar\/index.php?rest_route=%2Fwp%2Fv2%2Fmedia&parent=53703"}],"wp:term":[{"taxonomy":"category","embeddable":true,"href":"http:\/\/informeformosa.com.ar\/index.php?rest_route=%2Fwp%2Fv2%2Fcategories&post=53703"},{"taxonomy":"post_tag","embeddable":true,"href":"http:\/\/informeformosa.com.ar\/index.php?rest_route=%2Fwp%2Fv2%2Ftags&post=53703"}],"curies":[{"name":"wp","href":"https:\/\/api.w.org\/{rel}","templated":true}]}}