{"id":53692,"date":"2021-09-30T18:18:17","date_gmt":"2021-09-30T21:18:17","guid":{"rendered":"http:\/\/informeformosa.com.ar\/?p=53692"},"modified":"2021-09-30T18:18:19","modified_gmt":"2021-09-30T21:18:19","slug":"elecciones-2021-brindan-detalles-sobre-presentacion-de-lemas-y-sublemas","status":"publish","type":"post","link":"http:\/\/informeformosa.com.ar\/?p=53692","title":{"rendered":"Elecciones 2021: Brindan detalles sobre presentaci\u00f3n de lemas y sublemas"},"content":{"rendered":"\n<p><em>El presidente del Tribunal Electoral Permanente (TEP), el doctor Claudio Moreno, se refiri\u00f3 a la presentaci\u00f3n de lemas y sublemas para las elecciones generales que se llevar\u00e1n a cabo el 14 de noviembre para elegir cargos p\u00fablicos provinciales y municipales.<\/em><\/p>\n\n\n\n<p>Al respecto, inform\u00f3 a <strong>AGENFOR<\/strong>: \u201cEste 29 de septiembre venci\u00f3 el plazo de solicitud de presentaci\u00f3n de lemas y sublemas y haciendo un r\u00e1pido racconto podemos decir que se han inscripto seis lemas\u201d.<\/p>\n\n\n\n<p>Indic\u00f3 que se present\u00f3 \u201cel Partido Justicialista (PJ), Confederaci\u00f3n Frente Amplio Formose\u00f1o, Uni\u00f3n Popular Fontanense, Principios y Convicci\u00f3n, Partido Obrero y Libres del Sur\u201d, mientras que en cuanto a sublemas \u201cse han operado151 solicitudes\u201d.<\/p>\n\n\n\n<p>\u201cSe est\u00e1 procediendo al an\u00e1lisis m\u00e1s que nada de las alianzas, de las tres que se han formalizado, para determinar la cantidad de sublemas que les corresponden a cada una y as\u00ed poder ir llevando a cabo este proceso de depuraci\u00f3n que va a culminar seguramente con la presentaci\u00f3n de listas de candidatos el pr\u00f3ximo 10 de octubre\u201d, explic\u00f3.<\/p>\n\n\n\n<p>Por otra parte, aclar\u00f3 que todos tienen el derecho a presentarse y que lo que se est\u00e1 haciendo ahora es revisando si han cumplimentado los recaudos. \u201cEstamos notando que hay s\u00edmbolos y nombres que son id\u00e9nticos, entonces lo que se hace es ver qui\u00e9n present\u00f3 primero la solicitud y qui\u00e9n ha cumplimentado los recaudos y ser\u00e1 \u00e9ste el que tendr\u00e1 el derecho\u201d, se\u00f1al\u00f3.<\/p>\n\n\n\n<p>\u201cEn estos d\u00edas ya hemos sacado unos 80 reconocimientos de sublemas y est\u00e1n quedando los que ingresaron este mi\u00e9rcoles 29 o los que ven\u00edan con alguna falta de incumplimiento de alg\u00fan recaudo. Como ha vencido el plazo, lo que se va a hacer es intimarlos por 24 horas para que este viernes 1\u00ba de octubre lo puedan todav\u00eda realizar\u201d, cerr\u00f3 Moreno.<\/p>\n","protected":false},"excerpt":{"rendered":"<p>El presidente del Tribunal Electoral Permanente (TEP), el doctor Claudio Moreno, se refiri\u00f3 a la presentaci\u00f3n de lemas y sublemas para las elecciones generales que se llevar\u00e1n a cabo el 14 de noviembre para elegir cargos p\u00fablicos provinciales y municipales. Al respecto, inform\u00f3 a AGENFOR: \u201cEste 29 de septiembre venci\u00f3 el plazo de solicitud de [&hellip;]<\/p>\n","protected":false},"author":11,"featured_media":53699,"comment_status":"closed","ping_status":"closed","sticky":false,"template":"","format":"standard","meta":{"footnotes":""},"categories":[3],"tags":[],"class_list":["post-53692","post","type-post","status-publish","format-standard","has-post-thumbnail","hentry","category-politica-y-economia"],"_links":{"self":[{"href":"http:\/\/informeformosa.com.ar\/index.php?rest_route=\/wp\/v2\/posts\/53692","targetHints":{"allow":["GET"]}}],"collection":[{"href":"http:\/\/informeformosa.com.ar\/index.php?rest_route=\/wp\/v2\/posts"}],"about":[{"href":"http:\/\/informeformosa.com.ar\/index.php?rest_route=\/wp\/v2\/types\/post"}],"author":[{"embeddable":true,"href":"http:\/\/informeformosa.com.ar\/index.php?rest_route=\/wp\/v2\/users\/11"}],"replies":[{"embeddable":true,"href":"http:\/\/informeformosa.com.ar\/index.php?rest_route=%2Fwp%2Fv2%2Fcomments&post=53692"}],"version-history":[{"count":1,"href":"http:\/\/informeformosa.com.ar\/index.php?rest_route=\/wp\/v2\/posts\/53692\/revisions"}],"predecessor-version":[{"id":53700,"href":"http:\/\/informeformosa.com.ar\/index.php?rest_route=\/wp\/v2\/posts\/53692\/revisions\/53700"}],"wp:featuredmedia":[{"embeddable":true,"href":"http:\/\/informeformosa.com.ar\/index.php?rest_route=\/wp\/v2\/media\/53699"}],"wp:attachment":[{"href":"http:\/\/informeformosa.com.ar\/index.php?rest_route=%2Fwp%2Fv2%2Fmedia&parent=53692"}],"wp:term":[{"taxonomy":"category","embeddable":true,"href":"http:\/\/informeformosa.com.ar\/index.php?rest_route=%2Fwp%2Fv2%2Fcategories&post=53692"},{"taxonomy":"post_tag","embeddable":true,"href":"http:\/\/informeformosa.com.ar\/index.php?rest_route=%2Fwp%2Fv2%2Ftags&post=53692"}],"curies":[{"name":"wp","href":"https:\/\/api.w.org\/{rel}","templated":true}]}}