{"id":50370,"date":"2020-11-29T12:06:50","date_gmt":"2020-11-29T15:06:50","guid":{"rendered":"http:\/\/informeformosa.com.ar\/?p=50370"},"modified":"2020-11-30T00:26:23","modified_gmt":"2020-11-30T03:26:23","slug":"el-miercoles-2-arranca-el-cronograma-de-entregas-de-la-tarjeta-alimentar","status":"publish","type":"post","link":"http:\/\/informeformosa.com.ar\/?p=50370","title":{"rendered":"El mi\u00e9rcoles 2 arranca el cronograma de entregas de la Tarjeta Alimentar"},"content":{"rendered":"\n<p>Durante una nueva conferencia de prensa del Consejo de Atenci\u00f3n Integral de la Emergencia COVID 19, el ministro de Econom\u00eda, Hacienda y Finanzas, Jorge Oscar Ib\u00e1\u00f1ez; y el ministro de la Comunidad, An\u00edbal G\u00f3mez, confirmaron el inicio del cronograma de entregas de la&nbsp;<strong>Tarjeta Alimentar<\/strong>&nbsp;y detallaron su uso y funcionamiento.<\/p>\n\n\n\n<p>En primer lugar, Ib\u00e1\u00f1ez record\u00f3 que esta pol\u00edtica se enmarca en el plan Argentina contra el Hambre, que fue lanzado por el presidente Alberto Fern\u00e1ndez y que, en la primera semana de marzo, el Gobernador Insfr\u00e1n firm\u00f3 el convenio general con el ministro de Desarrollo Social de la Naci\u00f3n, Daniel Arroyo, para implementarla en la provincia de Formosa.<\/p>\n\n\n\n<p>En ese sentido, el funcionario indic\u00f3 c\u00f3mo ser\u00e1 el cronograma de entrega de esta tarjeta que implicar\u00e1, en muchos lugares del interior, un operativo similar al pago del Ingreso Familiar de Emergencia (IFE).<\/p>\n\n\n\n<p>Desde el 2 de diciembre, los&nbsp;<strong>31.538 titulares<\/strong>&nbsp;de la Asignaci\u00f3n Universal por Hijo y Asignaci\u00f3n Universal por Embarazo a los que contiene esta pol\u00edtica, podr\u00e1n retirar el pl\u00e1stico en las 19 sucursales del Banco Formosa de Capital e interior y en los operativos especiales de pago en los distintos corredores de todo el territorio provincial. Por sucursales retirar\u00e1n&nbsp;<strong>28004 beneficiarios<\/strong>&nbsp;y en las localidades sin bancos,&nbsp;<strong>3.534 titulares<\/strong>.<\/p>\n\n\n\n<p>Con la Tarjeta Alimentar podr\u00e1n adquirir alimentos en 1200 comercios de todo el territorio formose\u00f1o, a lo largo y ancho de la provincia.<\/p>\n\n\n\n<p><strong>Cronograma de entrega<\/strong><\/p>\n\n\n\n<p>En las sucursales del Banco de Formosa, tanto del interior como de Capital, el ministro de Econom\u00eda asever\u00f3 que el cronograma inicia el mi\u00e9rcoles 2 de diciembre y finaliza el jueves 17; y que, por cada d\u00eda h\u00e1bil bancario, se atender\u00e1 un n\u00famero de terminaci\u00f3n de DNI, en el horario exclusivo de 12 a 16 horas.<\/p>\n\n\n\n<p>\u201cPara evitar que los beneficiarios de esta pol\u00edtica concurran en un horario donde habr\u00e1 otros clientes del banco con diversas tramitaciones\u201d, explic\u00f3 Ib\u00e1\u00f1ez.<\/p>\n\n\n\n<p>Los titulares del beneficio deber\u00e1n concurrir con su DNI y una fotocopia del mismo.<\/p>\n\n\n\n<p>En capital estar\u00e1n afectadas las sucursales Formosa, del circuito 5, de judiciales, de la calle mitre, las Am\u00e9ricas y de la avenida Gutnisky. En el interior, ser\u00e1n las de Clorinda, Las Lomitas, El Colorado, Fontana, Laguna Blanca, Piran\u00e9, General Belgrano, Ingeniero Ju\u00e1rez, Buenos Aires, Ibarreta, Mosconi y Palo Santo.<\/p>\n\n\n\n<p><strong>Operativo especial de entrega<\/strong><\/p>\n\n\n\n<p>Respecto al operativo especial, tambi\u00e9n inicia el mi\u00e9rcoles 2 de diciembre desde las 7 horas y en lo que compete al corredor oeste, ser\u00e1 en Estanislao del Campo y Subteniente Per\u00edn; sigue el jueves 3, en Pozo del Tigre y el 4, en Laguna Yema.<\/p>\n\n\n\n<p>Por su parte, en la ruta este, el mi\u00e9rcoles 2 ser\u00e1 en Laguna Niack Neck; el jueves 3, en El Espinillo y el viernes 4, en Tres Lagunas. Y en el corredor Sur, en Gran Guardia ser\u00e1 el mi\u00e9rcoles 2, en General Lucio V. Mansilla y Villa Escolar, el jueves 3 y en Misi\u00f3n Laish\u00ed, el viernes 4.<\/p>\n\n\n\n<p>Para finalizar, el titular de la cartera econ\u00f3mica, se\u00f1al\u00f3 que la pol\u00edtica de la Tarjeta Alimentar inyectar\u00e1 en la econom\u00eda provincial, del rubro alimentos, una inversi\u00f3n mensual de 143.158.000 de pesos en comercios. Y en diciembre, se duplicar\u00e1 a 286.316.000 de pesos.<\/p>\n\n\n\n<p>\u201cM\u00e1s del 50% de beneficiarios son del interior de la provincia, es decir que la inversi\u00f3n no va a quedar exclusivamente en los comercios de capital sino en toda la provincia\u201d, sostuvo Ib\u00e1\u00f1ez.<\/p>\n\n\n\n<p><strong>Detalles<\/strong><\/p>\n\n\n\n<p>A su turno, el ministro de la Comunidad, An\u00edbal G\u00f3mez, brind\u00f3 detalles acerca de la prestaci\u00f3n de la Tarjeta Alimentar, sus beneficiarios y su funcionamiento.<\/p>\n\n\n\n<p>En ese marco, el funcionario explic\u00f3 que la Tarjeta Alimentar es una pol\u00edtica de complemento integral alimentario, que no suplanta a la Asignaci\u00f3n Universal por Hijo ni a ninguna pol\u00edtica existente; y reiter\u00f3 que su implementaci\u00f3n depende del Ministerio de Desarrollo Social de la Naci\u00f3n, dentro del marco del Plan Argentina contra el Hambre.<\/p>\n\n\n\n<p>\u201cEsta tarjeta sirve para la compra exclusiva de todo tipo de alimentos, fundamentalmente est\u00e1 destinada a mejorar la calidad nutricional: carne, huevos, frutas, verduras, yogurt, y no&nbsp; admite la compra de bebidas alcoh\u00f3licas. En el caso de que eso suceda, el Ministerio de Desarrollo Social podr\u00e1 bloquear el pl\u00e1stico\u201d, manifest\u00f3.<\/p>\n\n\n\n<p>Los titulares de derecho de esta tarjeta son las madres y los padres con hijas e hijos&nbsp; de hasta seis a\u00f1os que al momento est\u00e9n percibiendo la Asignaci\u00f3n Universal por Hijo (AUH); las mujeres embarazadas a partir de los tres meses de gestaci\u00f3n que actualmente perciben la asignaci\u00f3n por embarazo; y las personas con discapacidad que perciben AUH.<\/p>\n\n\n\n<p>La misma puede utilizarse en cualquier tipo de comercio, almac\u00e9n, supermercado, feria o mercado popular que cuente con Posnet.<\/p>\n\n\n\n<p>Respecto a la prestaci\u00f3n, G\u00f3mez aclar\u00f3 que consiste en una acreditaci\u00f3n mensual de cuatro mil pesos para las familias con un hijo o hija de hasta seis a\u00f1os de edad o un hijo o &nbsp;hija discapacitado, sin l\u00edmite de edad.<br>En el caso de familias que tienen m\u00e1s de un hijo o hija en la misma franja etaria y\/o un hijo o hija con discapacidad, sin l\u00edmite de edad, el beneficio ser\u00e1 de seis mil pesos. Y para las embarazadas que perciben la asignaci\u00f3n por embarazo, se les acreditar\u00e1 cuatro mil pesos.<\/p>\n\n\n\n<p>Con relaci\u00f3n al funcionamiento, remarc\u00f3 que todos los meses se acreditar\u00e1 autom\u00e1ticamente la suma de dinero correspondiente y estar\u00e1 lista para utilizar, es decir, no es necesario ning\u00fan tr\u00e1mite adicional. Y que la tarjeta no permite la extracci\u00f3n de dinero.<\/p>\n\n\n\n<p>En este punto, G\u00f3mez fundament\u00f3 que en Formosa, ante la situaci\u00f3n de pandemia, se decidi\u00f3 dar curso a las prestaciones para garantizar la seguridad alimentaria de familias con ni\u00f1os y embarazadas, a\u00fan cuando no se contaba con las tarjetas f\u00edsicas.&nbsp;<\/p>\n\n\n\n<p>Hasta ahora los montos se acreditaban en las cuentas de la Asignaci\u00f3n Universal por Hijo (AUH) y dispon\u00edan del dinero de acuerdo al cronograma de pagos establecido por Anses.<\/p>\n\n\n\n<p>Para esta nueva etapa, los pl\u00e1sticos ser\u00e1n emitidos por el Banco Formosa y una vez que los beneficiarios los reciban ya no podr\u00e1n extraer el dinero, sino pagar directamente con las mismas. Para la denuncia por robo o p\u00e9rdida del mismo, podr\u00e1n comunicarse al n\u00famero 011 4319 2580.<\/p>\n\n\n\n<p><strong>Refuerzo extraordinario<\/strong><\/p>\n\n\n\n<p>Por \u00faltimo, el titular del \u00e1rea, anunci\u00f3 que en diciembre se duplicar\u00e1 el monto de la Tarjeta Alimentar, lo que significa que, por \u00fanica vez, los titulares de la AUH con un hijo o hija cobrar\u00e1n ocho mil pesos; las familias con m\u00e1s de un hijo o hija, doce mil; y las embarazadas tambi\u00e9n ocho mil pesos.<\/p>\n","protected":false},"excerpt":{"rendered":"<p>Durante una nueva conferencia de prensa del Consejo de Atenci\u00f3n Integral de la Emergencia COVID 19, el ministro de Econom\u00eda, Hacienda y Finanzas, Jorge Oscar Ib\u00e1\u00f1ez; y el ministro de la Comunidad, An\u00edbal G\u00f3mez, confirmaron el inicio del cronograma de entregas de la&nbsp;Tarjeta Alimentar&nbsp;y detallaron su uso y funcionamiento. En primer lugar, Ib\u00e1\u00f1ez record\u00f3 que [&hellip;]<\/p>\n","protected":false},"author":11,"featured_media":50379,"comment_status":"closed","ping_status":"closed","sticky":false,"template":"","format":"standard","meta":{"footnotes":""},"categories":[3],"tags":[],"class_list":["post-50370","post","type-post","status-publish","format-standard","has-post-thumbnail","hentry","category-politica-y-economia"],"_links":{"self":[{"href":"http:\/\/informeformosa.com.ar\/index.php?rest_route=\/wp\/v2\/posts\/50370","targetHints":{"allow":["GET"]}}],"collection":[{"href":"http:\/\/informeformosa.com.ar\/index.php?rest_route=\/wp\/v2\/posts"}],"about":[{"href":"http:\/\/informeformosa.com.ar\/index.php?rest_route=\/wp\/v2\/types\/post"}],"author":[{"embeddable":true,"href":"http:\/\/informeformosa.com.ar\/index.php?rest_route=\/wp\/v2\/users\/11"}],"replies":[{"embeddable":true,"href":"http:\/\/informeformosa.com.ar\/index.php?rest_route=%2Fwp%2Fv2%2Fcomments&post=50370"}],"version-history":[{"count":1,"href":"http:\/\/informeformosa.com.ar\/index.php?rest_route=\/wp\/v2\/posts\/50370\/revisions"}],"predecessor-version":[{"id":50380,"href":"http:\/\/informeformosa.com.ar\/index.php?rest_route=\/wp\/v2\/posts\/50370\/revisions\/50380"}],"wp:featuredmedia":[{"embeddable":true,"href":"http:\/\/informeformosa.com.ar\/index.php?rest_route=\/wp\/v2\/media\/50379"}],"wp:attachment":[{"href":"http:\/\/informeformosa.com.ar\/index.php?rest_route=%2Fwp%2Fv2%2Fmedia&parent=50370"}],"wp:term":[{"taxonomy":"category","embeddable":true,"href":"http:\/\/informeformosa.com.ar\/index.php?rest_route=%2Fwp%2Fv2%2Fcategories&post=50370"},{"taxonomy":"post_tag","embeddable":true,"href":"http:\/\/informeformosa.com.ar\/index.php?rest_route=%2Fwp%2Fv2%2Ftags&post=50370"}],"curies":[{"name":"wp","href":"https:\/\/api.w.org\/{rel}","templated":true}]}}