{"id":50368,"date":"2020-11-29T12:01:19","date_gmt":"2020-11-29T15:01:19","guid":{"rendered":"http:\/\/informeformosa.com.ar\/?p=50368"},"modified":"2020-11-30T00:04:09","modified_gmt":"2020-11-30T03:04:09","slug":"emotivo-agradecimiento-de-una-mama-que-tuvo-a-su-beba-en-el-hospital-de-clorinda","status":"publish","type":"post","link":"http:\/\/informeformosa.com.ar\/?p=50368","title":{"rendered":"Emotivo agradecimiento de una mam\u00e1 que tuvo a su beba en el hospital de Clorinda"},"content":{"rendered":"\n<p>Una flamante mam\u00e1, que fue atendida en el hospital \u201cCruz Felipe Arnedo\u201d de la ciudad de Clorinda, hizo llegar su agradecimiento a todo el equipo de salud por las atenciones brindadas, tanto a ella como a su peque\u00f1a beb\u00e9, de tan solo unas semanas de vida.<\/p>\n\n\n\n<p>Jaqueline Medina, de 21 a\u00f1os, reside en el barrio 25 de Mayo -Km 11- de la mencionada localidad fronteriza. En la semana 38 de gestaci\u00f3n, present\u00f3 episodio de preeclampsia, una complicaci\u00f3n que suele darse en el embarazo, caracterizada por la presi\u00f3n arterial elevada.<\/p>\n\n\n\n<p>Dicha patolog\u00eda si no es tratada, \u201coportuna y adecuadamente\u201d, puede acarrear partos prematuros y agravarse, provocando la muerte de la madre o el beb\u00e9. En el caso de esta joven madre, caus\u00f3 en ella una descompensaci\u00f3n \u201ccon ciertos riesgos, mayormente para la mam\u00e1\u201d, explicaron referentes del equipo de salud que intervino.<\/p>\n\n\n\n<p>Por tal motivo, fue practicada \u201cuna ces\u00e1rea, internamos al beb\u00e9 en el servicio de neonatolog\u00eda de nuestro hospital y la derivamos a ella al hospital de la Madre y el Ni\u00f1o, porque requer\u00eda una atenci\u00f3n de mayor complejidad\u201d, agregaron.<\/p>\n\n\n\n<p>Gracias a las atenciones especializadas que recibi\u00f3 en el nosocomio de la ciudad capital, la mujer \u201csuper\u00f3 el cuadro y evolucion\u00f3 favorablemente\u201d. En tanto que la ni\u00f1a, permaneci\u00f3 en el \u00e1rea de neonatolog\u00eda, a cargo de los cuidados y el cari\u00f1o del personal especializado en el sector y de su abuela materna, Isabel Ofelia Pe\u00f1a.<\/p>\n\n\n\n<p>Actualmente, ambas se encuentran en buen estado de salud. Al respecto, Jaqueline, extendi\u00f3 su gratitud a los profesionales que abordaron su caso, recuperaron la salud de ella y su hija, d\u00e1ndoles la mejor atenci\u00f3n.<\/p>\n\n\n\n<p>\u201cEstoy muy agradecida porque gracias a todos los que me atendieron, ya estoy ac\u00e1, en mi lugar, con mi beba y con mi familia\u201d, expres\u00f3 con la voz quebrada y l\u00e1grimas. Valor\u00f3 que \u201cdespu\u00e9s de varios d\u00edas, que por razones de salud no pudimos estar juntas, ya puedo estar cerca de mi hija\u201d.<\/p>\n\n\n\n<p>\u201cDijeron que solo un milagro pod\u00eda salvarme. Pero los m\u00e9dicos, enfermeros y todos, tanto de la Madre y el Ni\u00f1o como del hospital de Clorinda, hicieron todo lo que estuvo al alcance para que estemos bien y mejor. Gracias al director del hospital de nuestra localidad y a todos los que nos asistieron y ayudaron\u201d, asever\u00f3.<\/p>\n","protected":false},"excerpt":{"rendered":"<p>Una flamante mam\u00e1, que fue atendida en el hospital \u201cCruz Felipe Arnedo\u201d de la ciudad de Clorinda, hizo llegar su agradecimiento a todo el equipo de salud por las atenciones brindadas, tanto a ella como a su peque\u00f1a beb\u00e9, de tan solo unas semanas de vida. Jaqueline Medina, de 21 a\u00f1os, reside en el barrio [&hellip;]<\/p>\n","protected":false},"author":11,"featured_media":50374,"comment_status":"closed","ping_status":"closed","sticky":false,"template":"","format":"standard","meta":{"footnotes":""},"categories":[11],"tags":[],"class_list":["post-50368","post","type-post","status-publish","format-standard","has-post-thumbnail","hentry","category-interior"],"_links":{"self":[{"href":"http:\/\/informeformosa.com.ar\/index.php?rest_route=\/wp\/v2\/posts\/50368","targetHints":{"allow":["GET"]}}],"collection":[{"href":"http:\/\/informeformosa.com.ar\/index.php?rest_route=\/wp\/v2\/posts"}],"about":[{"href":"http:\/\/informeformosa.com.ar\/index.php?rest_route=\/wp\/v2\/types\/post"}],"author":[{"embeddable":true,"href":"http:\/\/informeformosa.com.ar\/index.php?rest_route=\/wp\/v2\/users\/11"}],"replies":[{"embeddable":true,"href":"http:\/\/informeformosa.com.ar\/index.php?rest_route=%2Fwp%2Fv2%2Fcomments&post=50368"}],"version-history":[{"count":1,"href":"http:\/\/informeformosa.com.ar\/index.php?rest_route=\/wp\/v2\/posts\/50368\/revisions"}],"predecessor-version":[{"id":50375,"href":"http:\/\/informeformosa.com.ar\/index.php?rest_route=\/wp\/v2\/posts\/50368\/revisions\/50375"}],"wp:featuredmedia":[{"embeddable":true,"href":"http:\/\/informeformosa.com.ar\/index.php?rest_route=\/wp\/v2\/media\/50374"}],"wp:attachment":[{"href":"http:\/\/informeformosa.com.ar\/index.php?rest_route=%2Fwp%2Fv2%2Fmedia&parent=50368"}],"wp:term":[{"taxonomy":"category","embeddable":true,"href":"http:\/\/informeformosa.com.ar\/index.php?rest_route=%2Fwp%2Fv2%2Fcategories&post=50368"},{"taxonomy":"post_tag","embeddable":true,"href":"http:\/\/informeformosa.com.ar\/index.php?rest_route=%2Fwp%2Fv2%2Ftags&post=50368"}],"curies":[{"name":"wp","href":"https:\/\/api.w.org\/{rel}","templated":true}]}}