{"id":50367,"date":"2020-11-29T23:59:39","date_gmt":"2020-11-30T02:59:39","guid":{"rendered":"http:\/\/informeformosa.com.ar\/?p=50367"},"modified":"2020-11-29T23:59:42","modified_gmt":"2020-11-30T02:59:42","slug":"ibarreta-57-personas-realizan-el-aislamiento-en-el-hotel-plaza","status":"publish","type":"post","link":"http:\/\/informeformosa.com.ar\/?p=50367","title":{"rendered":"Ibarreta: 57 personas realizan el aislamiento en el Hotel Plaza"},"content":{"rendered":"\n<p>El intendente explic\u00f3 que \u201cen una primera tanda, llegaron 57 personas que ingresaron a Formosa para quedarse en el territorio y tal como lo indica nuestro protocolo provincial, deben estar en un centro de aislamiento durante 14 d\u00edas. Ellos ya est\u00e1n alojados en el Hotel Plaza, un lugar que brinda habitaciones con aire acondicionado, agua fr\u00eda y caliente, wifi, televisores led, entre otras comodidades\u201d.<\/p>\n\n\n\n<p>\u201cDesde que el gobernador Gildo Insfr\u00e1n nos inst\u00f3 a ser parte de esta patriada, desde Ibarreta se gest\u00f3 un enorme compromiso de acompa\u00f1amiento y solidaridad para ser parte de este momento hist\u00f3rico que afronta la provincia. Debo reconocer el trabajo de los Militantes por la Salud y la Vida, que son compa\u00f1eros y compa\u00f1eras que por propia voluntad se acercaron a formar parte del acondicionamiento de los distintos lugares que podr\u00edan oficiar de CAP (Centro de Aislamiento Preventivo)\u201d, coment\u00f3 el intendente.<\/p>\n\n\n\n<p>Jarzynski refiri\u00f3 que \u201cEn este momento hay 57 alojados en el Hotel Plaza, pero ya est\u00e1 en condiciones el Hotel Melitona para recibir a otras 35 personas\u201d, y a\u00f1adi\u00f3 que \u201cen el relevamiento general que se hizo con las instituciones escolares, estamos ofreciendo la posibilidad que otros 88 comprovincianos realicen la cuarentena en nuestra localidad. Las escuelas ya fueron adaptadas y este domingo finalizan las tareas de acondicionamiento para que sean centros de alojamiento\u201d.<\/p>\n\n\n\n<p>Adem\u00e1s, el jefe comunal transmiti\u00f3 a los que deben transitar el aislamiento en su localidad que \u201cojal\u00e1 se sientan c\u00f3modos y pasen bien su estad\u00eda en Ibarreta. Somos un pueblo con un coraz\u00f3n solidario por naturaleza, as\u00ed que esperamos se lleven una buena impresi\u00f3n de nuestra gente\u201d. Agreg\u00f3 que \u201ca los trabajadores municipales, de la salud, de seguridad y todos los que deban cumplir funciones en los distintos centros, muchas gracias por su invalorable aporte y mucha fuerza para la labor que les toca\u201d.<\/p>\n\n\n\n<p>\u201cComo parte del Modelo Formose\u00f1o y justicialistas, reafirmamos nuestro compromiso con nuestro conductor Gildo Insfr\u00e1n y le decimos que en Ibarreta tiene un ej\u00e9rcito de soldados que siempre respondi\u00f3 a sus convocatorias y hoy, con esta particular situaci\u00f3n, redoblamos esfuerzos para que concretar lo imposible\u201d, finaliz\u00f3 Ad\u00e1n Jarzynski.<\/p>\n","protected":false},"excerpt":{"rendered":"<p>El intendente explic\u00f3 que \u201cen una primera tanda, llegaron 57 personas que ingresaron a Formosa para quedarse en el territorio y tal como lo indica nuestro protocolo provincial, deben estar en un centro de aislamiento durante 14 d\u00edas. Ellos ya est\u00e1n alojados en el Hotel Plaza, un lugar que brinda habitaciones con aire acondicionado, agua [&hellip;]<\/p>\n","protected":false},"author":11,"featured_media":50372,"comment_status":"closed","ping_status":"closed","sticky":false,"template":"","format":"standard","meta":{"footnotes":""},"categories":[11],"tags":[],"class_list":["post-50367","post","type-post","status-publish","format-standard","has-post-thumbnail","hentry","category-interior"],"_links":{"self":[{"href":"http:\/\/informeformosa.com.ar\/index.php?rest_route=\/wp\/v2\/posts\/50367","targetHints":{"allow":["GET"]}}],"collection":[{"href":"http:\/\/informeformosa.com.ar\/index.php?rest_route=\/wp\/v2\/posts"}],"about":[{"href":"http:\/\/informeformosa.com.ar\/index.php?rest_route=\/wp\/v2\/types\/post"}],"author":[{"embeddable":true,"href":"http:\/\/informeformosa.com.ar\/index.php?rest_route=\/wp\/v2\/users\/11"}],"replies":[{"embeddable":true,"href":"http:\/\/informeformosa.com.ar\/index.php?rest_route=%2Fwp%2Fv2%2Fcomments&post=50367"}],"version-history":[{"count":1,"href":"http:\/\/informeformosa.com.ar\/index.php?rest_route=\/wp\/v2\/posts\/50367\/revisions"}],"predecessor-version":[{"id":50373,"href":"http:\/\/informeformosa.com.ar\/index.php?rest_route=\/wp\/v2\/posts\/50367\/revisions\/50373"}],"wp:featuredmedia":[{"embeddable":true,"href":"http:\/\/informeformosa.com.ar\/index.php?rest_route=\/wp\/v2\/media\/50372"}],"wp:attachment":[{"href":"http:\/\/informeformosa.com.ar\/index.php?rest_route=%2Fwp%2Fv2%2Fmedia&parent=50367"}],"wp:term":[{"taxonomy":"category","embeddable":true,"href":"http:\/\/informeformosa.com.ar\/index.php?rest_route=%2Fwp%2Fv2%2Fcategories&post=50367"},{"taxonomy":"post_tag","embeddable":true,"href":"http:\/\/informeformosa.com.ar\/index.php?rest_route=%2Fwp%2Fv2%2Ftags&post=50367"}],"curies":[{"name":"wp","href":"https:\/\/api.w.org\/{rel}","templated":true}]}}