{"id":50354,"date":"2020-11-28T12:02:38","date_gmt":"2020-11-28T15:02:38","guid":{"rendered":"http:\/\/informeformosa.com.ar\/?p=50354"},"modified":"2020-11-29T00:18:38","modified_gmt":"2020-11-29T03:18:38","slug":"diversas-actividades-desarrolla-la-secretaria-de-la-mujer","status":"publish","type":"post","link":"http:\/\/informeformosa.com.ar\/?p=50354","title":{"rendered":"Diversas actividades desarrolla la Secretar\u00eda de la Mujer"},"content":{"rendered":"\n<p>Con motivo del D\u00eda Internacional de la Eliminaci\u00f3n de la Violencia contra la Mujer, la Secretar\u00eda de la Mujer de Formosa viene llevando a cabo numerosas actividades de concientizaci\u00f3n y sensibilizaci\u00f3n.&nbsp;<\/p>\n\n\n\n<p>La significativa fecha se evoca anualmente el 25 de noviembre en conmemoraci\u00f3n a los asesinatos, en 1960, de las tres hermanas Mirabal (Patria, Minerva y Mar\u00eda Teresa) por el r\u00e9gimen del dictador Rafael Le\u00f3nidas Trujillo en la Rep\u00fablica Dominicana.<\/p>\n\n\n\n<p>\u201cCon el avance de la pandemia del COVID-19 se ha intensificado todo tipo de violencia contra las mujeres, en particular, la violencia en el hogar, a nivel pa\u00eds. Nuestro empe\u00f1o debe consistir en superar esta crisis, renaciendo como mujeres fortalecidas, que ocupan el centro mismo de la recuperaci\u00f3n. Con justicia social, empat\u00eda y paz, todas y todos juntos saldremos de esta situaci\u00f3n que nos toca vivir\u201d, se subray\u00f3 desde el organismo que encabeza la licenciada Ang\u00e9lica Garc\u00eda.&nbsp;<\/p>\n\n\n\n<p>En ese sentido, seg\u00fan pudo saber <strong>AGENFOR<\/strong>, durante este mes la Secretar\u00eda de la Mujer comparti\u00f3 experiencias de mujeres en situaci\u00f3n de violencia que asisten al organismo.<\/p>\n\n\n\n<p>El objetivo es visibilizar y concientizar a todos y a todas acerca de las vivencias y necesidades que tiene una mujer en situaci\u00f3n de violencia, generando empat\u00eda, poni\u00e9ndose en el lugar del otro y construyendo una sociedad m\u00e1s igualitaria.<\/p>\n\n\n\n<p>Adem\u00e1s, en la Unidad Penitenciaria Provincial N\u00b0 2 de la Mujer Formosa se exhibi\u00f3 la pel\u00edcula \u201cEn el Tiempo de las Mariposas\u201d, que relata la vida de las hermanas Mirabal.&nbsp;<\/p>\n\n\n\n<p>A ello se sum\u00f3 el ciclo de charlas virtuales \u201cFormosa Trabaja en Red\u201d, destinado a las \u00c1reas Mujer de los Municipios del territorio provincial, donde profesionales del \u00c1rea Legal brindaron herramientas y propuestas para el abordaje en situaciones de violencia de g\u00e9nero.<\/p>\n\n\n\n<p><strong>Foro regional&nbsp;<\/strong><\/p>\n\n\n\n<p>En otro orden, profesionales del equipo t\u00e9cnico de la Secretar\u00eda participaron del Foro Regional \u201cDel Cupo a la Paridad. Hacia una Participaci\u00f3n Igualitaria en el Deporte\u201d, para las provincias de Chaco, Corrientes, Entre R\u00edos, Formosa y Misiones.&nbsp;<\/p>\n\n\n\n<p>El mismo se llev\u00f3 a cabo de forma virtual y fue organizado por la Secretar\u00eda de Deportes del Ministerio de Turismo y Deportes de la Naci\u00f3n, el Ministerio de las Mujeres, G\u00e9neros y Diversidad y ONU Mujeres, con el objetivo de construir herramientas a nivel federal para la implementaci\u00f3n de la paridad en los espacios dirigenciales del deporte argentino.<\/p>\n\n\n\n<p><strong>Ciclo de entrevistas&nbsp;<\/strong><\/p>\n\n\n\n<p>Por \u00faltimo, se record\u00f3 que el pr\u00f3ximo viernes 4 de diciembre, a las 22 horas, concluir\u00e1 el ciclo de entrevistas Mujeres Latinoamericanas 2020 (EML), organizado por la Subsecretar\u00eda de Cultura y la Secretar\u00eda de la Mujer del Gobierno de Formosa.<\/p>\n\n\n\n<p>El mismo tiene como invitadas a mujeres de diferentes pa\u00edses de Sudam\u00e9rica, siendo un total de siete voces referentes de \u00e1reas diversas como ser periodismo, cultura, docencia, escritura, psicolog\u00eda, sexolog\u00eda, filosof\u00eda, comunicaci\u00f3n, m\u00fasica, arte, danza y poes\u00eda.<\/p>\n\n\n\n<p>El Ciclo EML puede verse por las plataformas virtuales de Facebook Live de la Subsecretar\u00eda de Cultura de Formosa y por el sitio emlformosa.com.ar, v\u00eda Zoom.&nbsp;<\/p>\n","protected":false},"excerpt":{"rendered":"<p>Con motivo del D\u00eda Internacional de la Eliminaci\u00f3n de la Violencia contra la Mujer, la Secretar\u00eda de la Mujer de Formosa viene llevando a cabo numerosas actividades de concientizaci\u00f3n y sensibilizaci\u00f3n.&nbsp; La significativa fecha se evoca anualmente el 25 de noviembre en conmemoraci\u00f3n a los asesinatos, en 1960, de las tres hermanas Mirabal (Patria, Minerva [&hellip;]<\/p>\n","protected":false},"author":11,"featured_media":50355,"comment_status":"closed","ping_status":"closed","sticky":false,"template":"","format":"standard","meta":{"footnotes":""},"categories":[2],"tags":[],"class_list":["post-50354","post","type-post","status-publish","format-standard","has-post-thumbnail","hentry","category-locales"],"_links":{"self":[{"href":"http:\/\/informeformosa.com.ar\/index.php?rest_route=\/wp\/v2\/posts\/50354","targetHints":{"allow":["GET"]}}],"collection":[{"href":"http:\/\/informeformosa.com.ar\/index.php?rest_route=\/wp\/v2\/posts"}],"about":[{"href":"http:\/\/informeformosa.com.ar\/index.php?rest_route=\/wp\/v2\/types\/post"}],"author":[{"embeddable":true,"href":"http:\/\/informeformosa.com.ar\/index.php?rest_route=\/wp\/v2\/users\/11"}],"replies":[{"embeddable":true,"href":"http:\/\/informeformosa.com.ar\/index.php?rest_route=%2Fwp%2Fv2%2Fcomments&post=50354"}],"version-history":[{"count":1,"href":"http:\/\/informeformosa.com.ar\/index.php?rest_route=\/wp\/v2\/posts\/50354\/revisions"}],"predecessor-version":[{"id":50356,"href":"http:\/\/informeformosa.com.ar\/index.php?rest_route=\/wp\/v2\/posts\/50354\/revisions\/50356"}],"wp:featuredmedia":[{"embeddable":true,"href":"http:\/\/informeformosa.com.ar\/index.php?rest_route=\/wp\/v2\/media\/50355"}],"wp:attachment":[{"href":"http:\/\/informeformosa.com.ar\/index.php?rest_route=%2Fwp%2Fv2%2Fmedia&parent=50354"}],"wp:term":[{"taxonomy":"category","embeddable":true,"href":"http:\/\/informeformosa.com.ar\/index.php?rest_route=%2Fwp%2Fv2%2Fcategories&post=50354"},{"taxonomy":"post_tag","embeddable":true,"href":"http:\/\/informeformosa.com.ar\/index.php?rest_route=%2Fwp%2Fv2%2Ftags&post=50354"}],"curies":[{"name":"wp","href":"https:\/\/api.w.org\/{rel}","templated":true}]}}