{"id":50344,"date":"2020-11-27T23:42:38","date_gmt":"2020-11-28T02:42:38","guid":{"rendered":"http:\/\/informeformosa.com.ar\/?p=50344"},"modified":"2020-11-27T23:42:41","modified_gmt":"2020-11-28T02:42:41","slug":"coronavirus-gildo-insfran-participo-de-videoconferencia-con-el-presidente","status":"publish","type":"post","link":"http:\/\/informeformosa.com.ar\/?p=50344","title":{"rendered":"Coronavirus: Gildo Insfr\u00e1n particip\u00f3 de videoconferencia con el Presidente"},"content":{"rendered":"\n<p>El gobernador de la provincia de Formosa, doctor Gildo Insfr\u00e1n asisti\u00f3 este viernes a una reuni\u00f3n por videoconferencia, encabezada por el Presidente de la Naci\u00f3n Alberto Fern\u00e1ndez, para evaluar la situaci\u00f3n sanitaria con respecto a la pandemia de coronavirus en las distintas provincias.<\/p>\n\n\n\n<p>Fern\u00e1ndez se comunic\u00f3 desde la Casa Rosada acompa\u00f1ado del jefe de Gabinete, Santiago Cafiero; los ministros de Salud, Gin\u00e9s Gonz\u00e1lez Garc\u00eda; el Secretario General, Julio Vitobello, y la directora Ejecutiva de PAMI, Luana Volnovich.<\/p>\n\n\n\n<p>Adem\u00e1s de Insfr\u00e1n, participaron Axel Kicillof (Buenos Aires); Horacio Rodr\u00edguez Larreta (CABA); Ra\u00fal Jalil (Catamarca); Jorge Capitanich (Chaco); Mariano Arcioni (Chubut); Juan Schiaretti (C\u00f3rdoba), Gustavo Vald\u00e9s (Corrientes); Gustavo Bordet (Entre R\u00edos); Gerardo Morales (Jujuy); Ricardo Quintela (La Rioja); Rodolfo Su\u00e1rez (Mendoza); Oscar Herrera Ahuad (Misiones); Omar Guti\u00e9rrez (Neuqu\u00e9n); Arabela Carreras (R\u00edos Negro); Gustavo S\u00e1enz (Salta); Sergio U\u00f1ac (San Juan); Alberto Rodr\u00edguez Sa\u00e1 (San Luis); Alicia Kirchner (Santa Cruz); Omar Perotti (Santa Fe); Gerardo Zamora (Santiago del Estero); Gustavo Melella (Tierra del Fuego); Juan Manzur (Tucum\u00e1n) y Sergio Ziliotto ( La Pampa).<\/p>\n","protected":false},"excerpt":{"rendered":"<p>El gobernador de la provincia de Formosa, doctor Gildo Insfr\u00e1n asisti\u00f3 este viernes a una reuni\u00f3n por videoconferencia, encabezada por el Presidente de la Naci\u00f3n Alberto Fern\u00e1ndez, para evaluar la situaci\u00f3n sanitaria con respecto a la pandemia de coronavirus en las distintas provincias. Fern\u00e1ndez se comunic\u00f3 desde la Casa Rosada acompa\u00f1ado del jefe de Gabinete, [&hellip;]<\/p>\n","protected":false},"author":11,"featured_media":50345,"comment_status":"closed","ping_status":"closed","sticky":false,"template":"","format":"standard","meta":{"footnotes":""},"categories":[6],"tags":[],"class_list":["post-50344","post","type-post","status-publish","format-standard","has-post-thumbnail","hentry","category-nacionales"],"_links":{"self":[{"href":"http:\/\/informeformosa.com.ar\/index.php?rest_route=\/wp\/v2\/posts\/50344","targetHints":{"allow":["GET"]}}],"collection":[{"href":"http:\/\/informeformosa.com.ar\/index.php?rest_route=\/wp\/v2\/posts"}],"about":[{"href":"http:\/\/informeformosa.com.ar\/index.php?rest_route=\/wp\/v2\/types\/post"}],"author":[{"embeddable":true,"href":"http:\/\/informeformosa.com.ar\/index.php?rest_route=\/wp\/v2\/users\/11"}],"replies":[{"embeddable":true,"href":"http:\/\/informeformosa.com.ar\/index.php?rest_route=%2Fwp%2Fv2%2Fcomments&post=50344"}],"version-history":[{"count":1,"href":"http:\/\/informeformosa.com.ar\/index.php?rest_route=\/wp\/v2\/posts\/50344\/revisions"}],"predecessor-version":[{"id":50346,"href":"http:\/\/informeformosa.com.ar\/index.php?rest_route=\/wp\/v2\/posts\/50344\/revisions\/50346"}],"wp:featuredmedia":[{"embeddable":true,"href":"http:\/\/informeformosa.com.ar\/index.php?rest_route=\/wp\/v2\/media\/50345"}],"wp:attachment":[{"href":"http:\/\/informeformosa.com.ar\/index.php?rest_route=%2Fwp%2Fv2%2Fmedia&parent=50344"}],"wp:term":[{"taxonomy":"category","embeddable":true,"href":"http:\/\/informeformosa.com.ar\/index.php?rest_route=%2Fwp%2Fv2%2Fcategories&post=50344"},{"taxonomy":"post_tag","embeddable":true,"href":"http:\/\/informeformosa.com.ar\/index.php?rest_route=%2Fwp%2Fv2%2Ftags&post=50344"}],"curies":[{"name":"wp","href":"https:\/\/api.w.org\/{rel}","templated":true}]}}