{"id":50331,"date":"2020-11-27T23:36:06","date_gmt":"2020-11-28T02:36:06","guid":{"rendered":"http:\/\/informeformosa.com.ar\/?p=50331"},"modified":"2020-11-27T23:36:09","modified_gmt":"2020-11-28T02:36:09","slug":"herradura-inmediata-asistencia-tras-el-fuerte-temporal","status":"publish","type":"post","link":"http:\/\/informeformosa.com.ar\/?p=50331","title":{"rendered":"Herradura: Inmediata asistencia tras el fuerte temporal"},"content":{"rendered":"\n<p>El intendente de Herradura, Ernesto Heizenreder, valor\u00f3 la inmediata asistencia del Gobierno provincial luego del fuerte temporal que se abati\u00f3 en la madrugada del jueves sobre la localidad, causando voladuras de techos, ca\u00eddas de \u00e1rboles y postes del tendido el\u00e9ctrico, entre otros da\u00f1os materiales.<\/p>\n\n\n\n<p>\u201cEn la madrugada de este jueves tuvimos una tormenta bastante intensa con mucho viento que afect\u00f3 a algunas viviendas y tambi\u00e9n al tendido el\u00e9ctrico, ya que cayeron muchos postes. Adem\u00e1s se perdieron muchos \u00e1rboles a\u00f1osos, que fueron volteados y arrancados de ra\u00edz por la tormenta\u201d, precis\u00f3 a&nbsp;<strong>AGENFOR<\/strong>&nbsp;el jefe comunal.<\/p>\n\n\n\n<p>Refiri\u00f3 que \u201ccon la cuadrilla municipal estuvimos trabajando y tomando informes de todo lo que pas\u00f3. Hicimos un relevamiento en forma conjunta con la Polic\u00eda Provincial y se trabaj\u00f3 con las urgencias, porque hubo voladuras de techos en muchas casas y en otras hubo afectaciones con las ramas de los \u00e1rboles que cayeron\u201d.<\/p>\n\n\n\n<p>Una de las m\u00e1s damnificadas fue la zona de la playa, en los barrios pr\u00f3ximos a la zona balnearia y el camping municipal y tambi\u00e9n el pueblo en s\u00ed, donde cayeron \u00e1rboles en algunas calles, interrumpiendo la circulaci\u00f3n y derribando postes de luz.<\/p>\n\n\n\n<p>No obstante, acentu\u00f3 a esta Agencia que \u201cgracias a Dios, no hubo ning\u00fan lesionado\u201d.<\/p>\n\n\n\n<p>A su vez, se\u00f1al\u00f3 que \u201chicimos un informe pormenorizado al Ministerio de Gobierno sobre la situaci\u00f3n\u201d, detallando que \u201cse comunicaron r\u00e1pidamente con nosotros, nos enviaron los materiales para que&nbsp; brindemos una inmediata primera asistencia. Ahora se est\u00e1 trabajando en las estructuras, preparando las cargas y asistiendo a la gente\u201d.<\/p>\n\n\n\n<p>\u201cTambi\u00e9n estamos haciendo una evaluaci\u00f3n m\u00e1s profunda de los da\u00f1os para enviar al Ministerio de Gobierno, de manera de apoyar a estas personas en la reconstrucci\u00f3n de sus hogares\u201d, manifest\u00f3.<\/p>\n\n\n\n<p>Coment\u00f3 que \u201chasta la tarde del jueves hab\u00eda llovido 73 mil\u00edmetros, pero fueron los fuertes vientos de la madrugada los que causaron los problemas\u201d.<\/p>\n\n\n\n<p>Fue as\u00ed que la cuadrilla municipal despej\u00f3 los caminos obstruidos y los cables aplastados por los \u00e1rboles ca\u00eddos, repar\u00e1ndose de manera inicial los techos con la colocaci\u00f3n de material pl\u00e1stico en las viviendas, tarea que luego se reforzar\u00e1 con la puesta de chapas y otros materiales.<\/p>\n\n\n\n<p>Adem\u00e1s, la empresa REFSA envi\u00f3 dos cuadrillas y gr\u00faas que trabajaron en la recuperaci\u00f3n de las l\u00edneas de baja y media tensi\u00f3n.&nbsp;&nbsp;<\/p>\n","protected":false},"excerpt":{"rendered":"<p>El intendente de Herradura, Ernesto Heizenreder, valor\u00f3 la inmediata asistencia del Gobierno provincial luego del fuerte temporal que se abati\u00f3 en la madrugada del jueves sobre la localidad, causando voladuras de techos, ca\u00eddas de \u00e1rboles y postes del tendido el\u00e9ctrico, entre otros da\u00f1os materiales. \u201cEn la madrugada de este jueves tuvimos una tormenta bastante intensa [&hellip;]<\/p>\n","protected":false},"author":11,"featured_media":50338,"comment_status":"closed","ping_status":"closed","sticky":false,"template":"","format":"standard","meta":{"footnotes":""},"categories":[11],"tags":[],"class_list":["post-50331","post","type-post","status-publish","format-standard","has-post-thumbnail","hentry","category-interior"],"_links":{"self":[{"href":"http:\/\/informeformosa.com.ar\/index.php?rest_route=\/wp\/v2\/posts\/50331","targetHints":{"allow":["GET"]}}],"collection":[{"href":"http:\/\/informeformosa.com.ar\/index.php?rest_route=\/wp\/v2\/posts"}],"about":[{"href":"http:\/\/informeformosa.com.ar\/index.php?rest_route=\/wp\/v2\/types\/post"}],"author":[{"embeddable":true,"href":"http:\/\/informeformosa.com.ar\/index.php?rest_route=\/wp\/v2\/users\/11"}],"replies":[{"embeddable":true,"href":"http:\/\/informeformosa.com.ar\/index.php?rest_route=%2Fwp%2Fv2%2Fcomments&post=50331"}],"version-history":[{"count":1,"href":"http:\/\/informeformosa.com.ar\/index.php?rest_route=\/wp\/v2\/posts\/50331\/revisions"}],"predecessor-version":[{"id":50339,"href":"http:\/\/informeformosa.com.ar\/index.php?rest_route=\/wp\/v2\/posts\/50331\/revisions\/50339"}],"wp:featuredmedia":[{"embeddable":true,"href":"http:\/\/informeformosa.com.ar\/index.php?rest_route=\/wp\/v2\/media\/50338"}],"wp:attachment":[{"href":"http:\/\/informeformosa.com.ar\/index.php?rest_route=%2Fwp%2Fv2%2Fmedia&parent=50331"}],"wp:term":[{"taxonomy":"category","embeddable":true,"href":"http:\/\/informeformosa.com.ar\/index.php?rest_route=%2Fwp%2Fv2%2Fcategories&post=50331"},{"taxonomy":"post_tag","embeddable":true,"href":"http:\/\/informeformosa.com.ar\/index.php?rest_route=%2Fwp%2Fv2%2Ftags&post=50331"}],"curies":[{"name":"wp","href":"https:\/\/api.w.org\/{rel}","templated":true}]}}