{"id":50330,"date":"2020-11-27T23:33:37","date_gmt":"2020-11-28T02:33:37","guid":{"rendered":"http:\/\/informeformosa.com.ar\/?p=50330"},"modified":"2020-11-27T23:33:45","modified_gmt":"2020-11-28T02:33:45","slug":"las-ferias-francas-se-preparan-para-sus-ediciones-extraordinarias-en-diciembre","status":"publish","type":"post","link":"http:\/\/informeformosa.com.ar\/?p=50330","title":{"rendered":"Las Ferias Francas se preparan para sus ediciones extraordinarias en diciembre"},"content":{"rendered":"\n<p>En di\u00e1logo exclusivo con <strong>AGENFOR<\/strong>, Laura Maza, integrante del \u00c1rea Social del PAIPPA, anticip\u00f3 que est\u00e1n trabajando en la organizaci\u00f3n de las Ferias Francas extraordinarias que suceden cada a\u00f1o en el mes de diciembre.<\/p>\n\n\n\n<p>\u201cNos estamos preparando con la posibilidad de ofrecer algunos productos nuevos para las ferias extraordinarias, la que tenemos pronto es el 23 para la fiesta de Navidad\u201d, indic\u00f3 Maza.<\/p>\n\n\n\n<p>Y agreg\u00f3: \u201cNos estamos organizando para cumplir con todos los criterios bromatol\u00f3gicos necesarios para poder traer productos c\u00e1rnicos a la feria, sabemos que, por lo general, lo ofrecemos solo en temporadas de fiestas\u201d.<\/p>\n\n\n\n<p>Adem\u00e1s, la referente se\u00f1al\u00f3 que, en principio, se abastecer\u00e1n con los productores asiduos a las ferias de todos los meses pero que, teniendo en cuenta el contexto de pandemia, \u201cveremos la posibilidad\u201d de articular con productores del Oeste y traer productos c\u00e1rnicos desde all\u00e1.<\/p>\n\n\n\n<p>En otro orden, Maza se refiri\u00f3 a la edici\u00f3n de la Feria Franca de este viernes y aclar\u00f3 que, debido a las inclemencias clim\u00e1ticas, hubo menos productores, pero \u201cla gente se acerc\u00f3 igual y las ventas no disminuyeron\u201d.<\/p>\n\n\n\n<p>\u201cLos productores est\u00e1n aprovechando estas inclemencias porque tuvieron mucho tiempo de sequ\u00eda y esto les permite hacer sus actividades en las chacras por eso se quedaron algunos\u201d, explic\u00f3.<\/p>\n","protected":false},"excerpt":{"rendered":"<p>En di\u00e1logo exclusivo con AGENFOR, Laura Maza, integrante del \u00c1rea Social del PAIPPA, anticip\u00f3 que est\u00e1n trabajando en la organizaci\u00f3n de las Ferias Francas extraordinarias que suceden cada a\u00f1o en el mes de diciembre. \u201cNos estamos preparando con la posibilidad de ofrecer algunos productos nuevos para las ferias extraordinarias, la que tenemos pronto es el [&hellip;]<\/p>\n","protected":false},"author":11,"featured_media":50336,"comment_status":"closed","ping_status":"closed","sticky":false,"template":"","format":"standard","meta":{"footnotes":""},"categories":[13],"tags":[],"class_list":["post-50330","post","type-post","status-publish","format-standard","has-post-thumbnail","hentry","category-produccion"],"_links":{"self":[{"href":"http:\/\/informeformosa.com.ar\/index.php?rest_route=\/wp\/v2\/posts\/50330","targetHints":{"allow":["GET"]}}],"collection":[{"href":"http:\/\/informeformosa.com.ar\/index.php?rest_route=\/wp\/v2\/posts"}],"about":[{"href":"http:\/\/informeformosa.com.ar\/index.php?rest_route=\/wp\/v2\/types\/post"}],"author":[{"embeddable":true,"href":"http:\/\/informeformosa.com.ar\/index.php?rest_route=\/wp\/v2\/users\/11"}],"replies":[{"embeddable":true,"href":"http:\/\/informeformosa.com.ar\/index.php?rest_route=%2Fwp%2Fv2%2Fcomments&post=50330"}],"version-history":[{"count":1,"href":"http:\/\/informeformosa.com.ar\/index.php?rest_route=\/wp\/v2\/posts\/50330\/revisions"}],"predecessor-version":[{"id":50337,"href":"http:\/\/informeformosa.com.ar\/index.php?rest_route=\/wp\/v2\/posts\/50330\/revisions\/50337"}],"wp:featuredmedia":[{"embeddable":true,"href":"http:\/\/informeformosa.com.ar\/index.php?rest_route=\/wp\/v2\/media\/50336"}],"wp:attachment":[{"href":"http:\/\/informeformosa.com.ar\/index.php?rest_route=%2Fwp%2Fv2%2Fmedia&parent=50330"}],"wp:term":[{"taxonomy":"category","embeddable":true,"href":"http:\/\/informeformosa.com.ar\/index.php?rest_route=%2Fwp%2Fv2%2Fcategories&post=50330"},{"taxonomy":"post_tag","embeddable":true,"href":"http:\/\/informeformosa.com.ar\/index.php?rest_route=%2Fwp%2Fv2%2Ftags&post=50330"}],"curies":[{"name":"wp","href":"https:\/\/api.w.org\/{rel}","templated":true}]}}