{"id":50329,"date":"2020-11-27T23:31:40","date_gmt":"2020-11-28T02:31:40","guid":{"rendered":"http:\/\/informeformosa.com.ar\/?p=50329"},"modified":"2020-11-27T23:31:43","modified_gmt":"2020-11-28T02:31:43","slug":"antinori-destaco-el-estatus-hacendal-de-formosa-nos-permite-avanzar-y-cumplir-nuestros-compromisos","status":"publish","type":"post","link":"http:\/\/informeformosa.com.ar\/?p=50329","title":{"rendered":"Antinori destac\u00f3 el estatus hacendal de Formosa: \u201cNos permite avanzar y cumplir nuestros compromisos\u201d"},"content":{"rendered":"\n<p>Con el pago a los agentes pasivos este jueves, inici\u00f3 el cronograma de pago escalonado de los haberes de la Administraci\u00f3n P\u00fablica Provincial, que incluyen el \u00faltimo aumento del 5% anunciado por el gobernador Gildo Insfr\u00e1n, marcando as\u00ed un 25% de recomposici\u00f3n salarial en t\u00e9rminos acumulativos en el presente ejercicio.<\/p>\n\n\n\n<p>\u201cLa cancelaci\u00f3n de estos beneficios incluyen la \u00faltima novedad salarial anunciada por el gobernador Insfr\u00e1n junto a entidades gremiales representativas del sector p\u00fablico que abarca el 25% de pol\u00edtica salarial concluido en este ejercicio fiscal\u201d, subray\u00f3 en declaraciones a AGENFOR el subsecretario Antinori.<\/p>\n\n\n\n<p>Puso de resalto que \u201cson esfuerzos que la provincia llev\u00f3 adelante en el marco de un a\u00f1o bastante particular con ca\u00edda sustantiva de recursos, como lo acreditan las estad\u00edsticas del devenir del a\u00f1o a partir de la emergencia sanitaria que vive el mundo\u201d.<\/p>\n\n\n\n<p>No obstante, subray\u00f3 que \u201cen el marco de su comportamiento fiscal, la provincia pudo llevar adelante en forma regular el cumplimiento de sus compromisos y a la vez acompa\u00f1ar, como a\u00f1o a a\u00f1o sucede en el transcurso fiscal, con pol\u00edticas salariales\u201d.<\/p>\n\n\n\n<p>En ese sentido, remarc\u00f3 que a partir de las posibilidades financieras del Tesoro Provincial se otorg\u00f3 el 25% acumulado anual para el presente ejercicio, lo cual signific\u00f3 \u201cuna suerte de escalonamiento importante en relaci\u00f3n al resto de las jurisdicciones provinciales y b\u00e1sicamente de acuerdo al estado nacional\u201d.<\/p>\n\n\n\n<p>\u201cA\u00fan en el actual contexto por la pandemia, pudo avanzar y sostener el ritmo de erogaciones que impuso este tema sanitario, m\u00e1s el resto de los compromisos que indudablemente obligan al Tesoro a no ralentizar el cumplimiento de pagos\u201d, marc\u00f3, destacando que \u201ctal como lo hab\u00edamos previsto en la pr\u00f3rroga del presupuesto para este ejercicio 2020, se puede culminar la performance con un esquema superavitario\u201d.<\/p>\n\n\n\n<p>Aguinaldo<\/p>\n\n\n\n<p>Asimismo, el subsecretario Antinori se refiri\u00f3 al pago de la segunda cuota del Sueldo Anual Complementario (SAC) para los agentes estatales, haciendo notar a esta Agencia que ya se adoptaron todas las previsiones correspondientes para su efectivizaci\u00f3n.<\/p>\n\n\n\n<p>\u201cFormosa tiene tambi\u00e9n una conducta en ese sentido muy particular respecto del rubro aguinaldo, con la gimnasia de generar las previsiones desde el primer d\u00eda de iniciado el semestre que corresponde la cancelaci\u00f3n de este compromiso\u201d, puso de relieve.<\/p>\n\n\n\n<p>De manera que \u201cdesde el mes de julio estamos llevando adelante las previsiones que significan la cancelaci\u00f3n en el mes de diciembre de este \u00edtem\u201d, por lo que \u201cya est\u00e1n pr\u00e1cticamente culminadas las gestiones en esa l\u00ednea, sin otra novedad saliente de alg\u00fan defecto que nos lleve a incurrir en lo que no deseamos, como la necesidad de recurrir a pr\u00e9stamos transitorios o procesos de endeudamiento\u201d.<\/p>\n\n\n\n<p>\u201cNosotros no generamos procesos de conducta que transmitan situaciones de interrogantes o falta de previsibilidad en lo que se representa la conducta fiscal\u201d, insisti\u00f3, recalcando que \u201cFormosa presenta un estatus hacendal de 19 a\u00f1os de regularizaci\u00f3n de sus compromisos, desendeudamiento y equilibrio\u201d, concluy\u00f3.<\/p>\n","protected":false},"excerpt":{"rendered":"<p>Con el pago a los agentes pasivos este jueves, inici\u00f3 el cronograma de pago escalonado de los haberes de la Administraci\u00f3n P\u00fablica Provincial, que incluyen el \u00faltimo aumento del 5% anunciado por el gobernador Gildo Insfr\u00e1n, marcando as\u00ed un 25% de recomposici\u00f3n salarial en t\u00e9rminos acumulativos en el presente ejercicio. \u201cLa cancelaci\u00f3n de estos beneficios [&hellip;]<\/p>\n","protected":false},"author":11,"featured_media":50334,"comment_status":"closed","ping_status":"closed","sticky":false,"template":"","format":"standard","meta":{"footnotes":""},"categories":[3],"tags":[],"class_list":["post-50329","post","type-post","status-publish","format-standard","has-post-thumbnail","hentry","category-politica-y-economia"],"_links":{"self":[{"href":"http:\/\/informeformosa.com.ar\/index.php?rest_route=\/wp\/v2\/posts\/50329","targetHints":{"allow":["GET"]}}],"collection":[{"href":"http:\/\/informeformosa.com.ar\/index.php?rest_route=\/wp\/v2\/posts"}],"about":[{"href":"http:\/\/informeformosa.com.ar\/index.php?rest_route=\/wp\/v2\/types\/post"}],"author":[{"embeddable":true,"href":"http:\/\/informeformosa.com.ar\/index.php?rest_route=\/wp\/v2\/users\/11"}],"replies":[{"embeddable":true,"href":"http:\/\/informeformosa.com.ar\/index.php?rest_route=%2Fwp%2Fv2%2Fcomments&post=50329"}],"version-history":[{"count":1,"href":"http:\/\/informeformosa.com.ar\/index.php?rest_route=\/wp\/v2\/posts\/50329\/revisions"}],"predecessor-version":[{"id":50335,"href":"http:\/\/informeformosa.com.ar\/index.php?rest_route=\/wp\/v2\/posts\/50329\/revisions\/50335"}],"wp:featuredmedia":[{"embeddable":true,"href":"http:\/\/informeformosa.com.ar\/index.php?rest_route=\/wp\/v2\/media\/50334"}],"wp:attachment":[{"href":"http:\/\/informeformosa.com.ar\/index.php?rest_route=%2Fwp%2Fv2%2Fmedia&parent=50329"}],"wp:term":[{"taxonomy":"category","embeddable":true,"href":"http:\/\/informeformosa.com.ar\/index.php?rest_route=%2Fwp%2Fv2%2Fcategories&post=50329"},{"taxonomy":"post_tag","embeddable":true,"href":"http:\/\/informeformosa.com.ar\/index.php?rest_route=%2Fwp%2Fv2%2Ftags&post=50329"}],"curies":[{"name":"wp","href":"https:\/\/api.w.org\/{rel}","templated":true}]}}