{"id":50310,"date":"2020-11-26T22:44:43","date_gmt":"2020-11-27T01:44:43","guid":{"rendered":"http:\/\/informeformosa.com.ar\/?p=50310"},"modified":"2020-11-26T22:44:46","modified_gmt":"2020-11-27T01:44:46","slug":"supervisaron-las-obras-que-en-pozo-del-tigre-ejecuta-la-provincia","status":"publish","type":"post","link":"http:\/\/informeformosa.com.ar\/?p=50310","title":{"rendered":"Supervisaron las obras que en  Pozo del Tigre ejecuta la Provincia"},"content":{"rendered":"\n<p>La recorrida por esa localidad estuvo a cargo de la contadora Cecilia Bloser, en el marco del Programa \u201cPor Nuestra Gente Todo, Obras y Servicios Municipales\u201d. Adem\u00e1s, junto a las autoridades comunales se firmaron convenios para nuevas obras.<\/p>\n\n\n\n<p>Este martes 24 de noviembre en el marco del programa \u201cPor Nuestra Gente Todo, Obras y Servicios Municipales\u201d la subsecretaria de Cr\u00e9dito P\u00fablico de la provincia, contadora Cecilia Bloser, visit\u00f3 la localidad de Pozo del Tigre, donde llev\u00f3 adelante una amplia agenda de actividades.<\/p>\n\n\n\n<p>En horas del mediod\u00eda la funcionaria arrib\u00f3 a esa localidad, donde fue recibida por el intendente Alfredo De Young junto a concejales con quienes mantuvo una reuni\u00f3n en el sal\u00f3n de acuerdos de la municipalidad.<\/p>\n\n\n\n<p>En ese contexto, se firmaron convenios para obras relacionadas a la futura iluminaci\u00f3n del cors\u00f3dromo y se trataron temas de gesti\u00f3n y pol\u00edtica local.<\/p>\n\n\n\n<p>A continuaci\u00f3n, Bloser acompa\u00f1ada por el jefe comunal y concejales recorrieron las obras que se est\u00e1n ejecutando en Tigre en el marco del programa \u201cPor Nuestra Gente Todo, Obras y Servicios Municipales\u201d.<\/p>\n\n\n\n<p>Entre las que se incluyen una oficina para la Direcci\u00f3n de Producci\u00f3n; la pileta de nataci\u00f3n Preol\u00edmpica que tendr\u00e1 por finalidad el establecimiento de la Colonia de Vacaciones, para la recreaci\u00f3n e inclusi\u00f3n social y la construcci\u00f3n de veredas, bicisenda y alumbrado p\u00fablico.<\/p>\n\n\n\n<p><strong>Productores y emprendedores<\/strong><\/p>\n\n\n\n<p>Adem\u00e1s, la subsecretaria de Cr\u00e9dito P\u00fablico estuvo en las instalaciones de la escuela CEPEP N\u00ba 4 donde all\u00ed mantuvo contacto con productores y emprendedores locales, quienes le mostraron los diferentes productos que comercializan como por ejemplo la elaboraci\u00f3n de dulces, helados, alfajores y otros&nbsp; productos gastron\u00f3micos.<\/p>\n\n\n\n<p>Tambi\u00e9n, en dicho establecimiento educativo visit\u00f3 el proyecto escolar de sombr\u00e1culo, donde se cultivan diferentes hortalizas, zapallo, frutilla entre otros para el consumo de los alumnos.<\/p>\n\n\n\n<p>Posteriormente, Bloser, mantuvo un di\u00e1logo franco y provechoso con los emprendedores locales, recogiendo las inquietudes as\u00ed como diferentes pedidos de insumos y maquinarias por parte del sector que les permita seguir expandiendo su actividad.<\/p>\n","protected":false},"excerpt":{"rendered":"<p>La recorrida por esa localidad estuvo a cargo de la contadora Cecilia Bloser, en el marco del Programa \u201cPor Nuestra Gente Todo, Obras y Servicios Municipales\u201d. Adem\u00e1s, junto a las autoridades comunales se firmaron convenios para nuevas obras. Este martes 24 de noviembre en el marco del programa \u201cPor Nuestra Gente Todo, Obras y Servicios [&hellip;]<\/p>\n","protected":false},"author":11,"featured_media":50320,"comment_status":"closed","ping_status":"closed","sticky":false,"template":"","format":"standard","meta":{"footnotes":""},"categories":[11],"tags":[],"class_list":["post-50310","post","type-post","status-publish","format-standard","has-post-thumbnail","hentry","category-interior"],"_links":{"self":[{"href":"http:\/\/informeformosa.com.ar\/index.php?rest_route=\/wp\/v2\/posts\/50310","targetHints":{"allow":["GET"]}}],"collection":[{"href":"http:\/\/informeformosa.com.ar\/index.php?rest_route=\/wp\/v2\/posts"}],"about":[{"href":"http:\/\/informeformosa.com.ar\/index.php?rest_route=\/wp\/v2\/types\/post"}],"author":[{"embeddable":true,"href":"http:\/\/informeformosa.com.ar\/index.php?rest_route=\/wp\/v2\/users\/11"}],"replies":[{"embeddable":true,"href":"http:\/\/informeformosa.com.ar\/index.php?rest_route=%2Fwp%2Fv2%2Fcomments&post=50310"}],"version-history":[{"count":1,"href":"http:\/\/informeformosa.com.ar\/index.php?rest_route=\/wp\/v2\/posts\/50310\/revisions"}],"predecessor-version":[{"id":50321,"href":"http:\/\/informeformosa.com.ar\/index.php?rest_route=\/wp\/v2\/posts\/50310\/revisions\/50321"}],"wp:featuredmedia":[{"embeddable":true,"href":"http:\/\/informeformosa.com.ar\/index.php?rest_route=\/wp\/v2\/media\/50320"}],"wp:attachment":[{"href":"http:\/\/informeformosa.com.ar\/index.php?rest_route=%2Fwp%2Fv2%2Fmedia&parent=50310"}],"wp:term":[{"taxonomy":"category","embeddable":true,"href":"http:\/\/informeformosa.com.ar\/index.php?rest_route=%2Fwp%2Fv2%2Fcategories&post=50310"},{"taxonomy":"post_tag","embeddable":true,"href":"http:\/\/informeformosa.com.ar\/index.php?rest_route=%2Fwp%2Fv2%2Ftags&post=50310"}],"curies":[{"name":"wp","href":"https:\/\/api.w.org\/{rel}","templated":true}]}}