{"id":50308,"date":"2020-11-26T22:42:42","date_gmt":"2020-11-27T01:42:42","guid":{"rendered":"http:\/\/informeformosa.com.ar\/?p=50308"},"modified":"2020-11-26T22:42:45","modified_gmt":"2020-11-27T01:42:45","slug":"la-epep-31-esta-preparada-para-alojar-comprovincianos-que-deben-realizar-su-aislamiento-preventivo","status":"publish","type":"post","link":"http:\/\/informeformosa.com.ar\/?p=50308","title":{"rendered":"La EPEP 31 est\u00e1 preparada para alojar  comprovincianos que deben realizar su aislamiento preventivo"},"content":{"rendered":"\n<p>En di\u00e1logo exclusivo con <strong>AGENFOR,<\/strong> la directora de la Escuela Provincial de Educaci\u00f3n Primaria N\u00b031, Elizabeth Landriel Alvarado, confirm\u00f3 que finaliz\u00f3 el periodo de acondicionamiento de la instituci\u00f3n y que la misma se encuentra preparada para alojar comprovincianos que ingresan al territorio autorizados por el fallo de la CSJN y deber\u00e1n hacer su aislamiento preventivo.<\/p>\n\n\n\n<p>\u201cNos enteramos por nuestra delegada zonal que la escuela funcionar\u00eda como centro de aislamiento, nosotros estamos optimistas y nos sentimos contentos por formar parte de este operativo que contribuir\u00e1 a mantener el estatus sanitario de la provincia\u201d, sostuvo la docente.<\/p>\n\n\n\n<p>En ese marco, explic\u00f3 que, desde el lunes, todo el personal docente \u201cvinieron a acondicionar el lugar\u201d y se las pudo ver \u201cmuy entusiastas y gustosas de colaborar\u201d.<\/p>\n\n\n\n<p>Tambi\u00e9n la mujer asever\u00f3 que recibieron la colaboraci\u00f3n de los cadetes de la Polic\u00eda de la provincia y del diputado nacional Ramiro Fern\u00e1ndez Patri y su equipo de trabajo que \u201cnos ayud\u00f3 realizando la limpieza de todos los espacios de la escuela\u201d.<\/p>\n\n\n\n<p>Adem\u00e1s, Alvarado indic\u00f3 que son 12 aulas las destinadas a alojar personas y que cada una ya cuenta con sus respectivas camas, juegos de s\u00e1banas y kit sanitario individual.<\/p>\n\n\n\n<p>Por \u00faltimo, se\u00f1al\u00f3 que, si bien el establecimiento ya contaba con equipamientos de refrigeraci\u00f3n, algunos \u201cnecesitaban mantenimiento y carga de gas\u201d, por lo que fueron reparados y puestos en condiciones para su bien funcionamiento.<\/p>\n\n\n\n<p>\u201cSe repararon algunos equipos que estaban quemados, como tambi\u00e9n los ventiladores de los salones\u201d, finaliz\u00f3.<\/p>\n","protected":false},"excerpt":{"rendered":"<p>En di\u00e1logo exclusivo con AGENFOR, la directora de la Escuela Provincial de Educaci\u00f3n Primaria N\u00b031, Elizabeth Landriel Alvarado, confirm\u00f3 que finaliz\u00f3 el periodo de acondicionamiento de la instituci\u00f3n y que la misma se encuentra preparada para alojar comprovincianos que ingresan al territorio autorizados por el fallo de la CSJN y deber\u00e1n hacer su aislamiento preventivo. [&hellip;]<\/p>\n","protected":false},"author":11,"featured_media":50316,"comment_status":"closed","ping_status":"closed","sticky":false,"template":"","format":"standard","meta":{"footnotes":""},"categories":[12],"tags":[],"class_list":["post-50308","post","type-post","status-publish","format-standard","has-post-thumbnail","hentry","category-salud"],"_links":{"self":[{"href":"http:\/\/informeformosa.com.ar\/index.php?rest_route=\/wp\/v2\/posts\/50308","targetHints":{"allow":["GET"]}}],"collection":[{"href":"http:\/\/informeformosa.com.ar\/index.php?rest_route=\/wp\/v2\/posts"}],"about":[{"href":"http:\/\/informeformosa.com.ar\/index.php?rest_route=\/wp\/v2\/types\/post"}],"author":[{"embeddable":true,"href":"http:\/\/informeformosa.com.ar\/index.php?rest_route=\/wp\/v2\/users\/11"}],"replies":[{"embeddable":true,"href":"http:\/\/informeformosa.com.ar\/index.php?rest_route=%2Fwp%2Fv2%2Fcomments&post=50308"}],"version-history":[{"count":1,"href":"http:\/\/informeformosa.com.ar\/index.php?rest_route=\/wp\/v2\/posts\/50308\/revisions"}],"predecessor-version":[{"id":50317,"href":"http:\/\/informeformosa.com.ar\/index.php?rest_route=\/wp\/v2\/posts\/50308\/revisions\/50317"}],"wp:featuredmedia":[{"embeddable":true,"href":"http:\/\/informeformosa.com.ar\/index.php?rest_route=\/wp\/v2\/media\/50316"}],"wp:attachment":[{"href":"http:\/\/informeformosa.com.ar\/index.php?rest_route=%2Fwp%2Fv2%2Fmedia&parent=50308"}],"wp:term":[{"taxonomy":"category","embeddable":true,"href":"http:\/\/informeformosa.com.ar\/index.php?rest_route=%2Fwp%2Fv2%2Fcategories&post=50308"},{"taxonomy":"post_tag","embeddable":true,"href":"http:\/\/informeformosa.com.ar\/index.php?rest_route=%2Fwp%2Fv2%2Ftags&post=50308"}],"curies":[{"name":"wp","href":"https:\/\/api.w.org\/{rel}","templated":true}]}}