{"id":50307,"date":"2020-11-26T22:40:31","date_gmt":"2020-11-27T01:40:31","guid":{"rendered":"http:\/\/informeformosa.com.ar\/?p=50307"},"modified":"2020-11-26T22:40:34","modified_gmt":"2020-11-27T01:40:34","slug":"con-protocolo-anti-covid-19-las-ferias-paipperas-se-realizaran-este-viernes","status":"publish","type":"post","link":"http:\/\/informeformosa.com.ar\/?p=50307","title":{"rendered":"Con protocolo anti COVID-19, las ferias paipperas se realizar\u00e1n este viernes"},"content":{"rendered":"\n<p>De 6 a 14 horas, este viernes 27 se realizar\u00e1 una nueva edici\u00f3n de las ferias francas del Instituto PAIPPA. Los dos puntos de ventas son el excentro comercial del barrio La Paz y el play\u00f3n del organismo, situado en la calle Padre Grotti N\u00ba 1040 de la ciudad capital.<\/p>\n\n\n\n<p>As\u00ed lo manifest\u00f3 a <strong>AGENFOR<\/strong> el licenciado Pablo Ortiz, coordinador de las ferias francas, quien aclar\u00f3 que a\u00fan con lluvias las mismas se realizan. \u201cJustamente tenemos prevista una infraestructura para eso que nos facilit\u00f3 el gobernador Gildo Insfr\u00e1n, as\u00ed que no se suspenden por mal tiempo\u201d, indic\u00f3.<\/p>\n\n\n\n<p>Record\u00f3 que \u201chace unas semanas modificamos el horario por las altas temperaturas y estamos de 6 a 14 horas\u201d,&nbsp; destacando que \u201clos productores se adaptaron al protocolo que fuimos manteniendo desde el arranque. Ellos se cuidan y nosotros hacemos nuestra parte con los clientes, controlando que tengan el barbijo puesto, que se respete el distanciamiento social, que no se toque la mercader\u00eda y las dem\u00e1s disposiciones\u201d.<\/p>\n\n\n\n<p>Respecto de los productos m\u00e1s buscados por los consumidores en esta \u00e9poca tan pr\u00f3xima a fin de a\u00f1o, consign\u00f3 que \u201cva rotando la producci\u00f3n dentro de la provincia, adem\u00e1s de estas lluvias que llegaron trajeron alivio\u201d.<\/p>\n\n\n\n<p>De esta manera, remarc\u00f3, \u201cya empezaron a entrar los melones, las sand\u00edas y los anan\u00e1s\u201d, a los que se suman la amplia variedad de verduras y hortalizas, como lechuga, r\u00facula, acelga, verdeo, zapallo, papas, zanahorias, morrones, entre much\u00edsimos otros.<\/p>\n\n\n\n<p>Tambi\u00e9n, mermeladas, dulces, embutidos, quesos, harina de ma\u00edz y huevos caseros.<\/p>\n\n\n\n<p>A su vez, reiter\u00f3 que \u201cestamos a cuatro semanas de la Navidad y ya tenemos las fechas de las ferias extraordinarias, que se har\u00e1n los d\u00edas 23 y 30 de diciembre\u201d, acentuando que en las mismas \u201cse podr\u00e1n encontrar productos para la canasta navide\u00f1a\u201d.<\/p>\n\n\n\n<p>Mencion\u00f3 aqu\u00ed a las frutas frescas para hacer la tradicional ensalada de frutas, en tanto que sobre los productos c\u00e1rnicos se\u00f1al\u00f3: \u201cEstamos trabajando en eso para que todo salga bien y m\u00e1s adelante vamos a estar brindando informaci\u00f3n sobre qu\u00e9 d\u00edas van a venir y c\u00f3mo ser\u00e1 la metodolog\u00eda para poder adquirirlos\u201d, finaliz\u00f3.<\/p>\n","protected":false},"excerpt":{"rendered":"<p>De 6 a 14 horas, este viernes 27 se realizar\u00e1 una nueva edici\u00f3n de las ferias francas del Instituto PAIPPA. Los dos puntos de ventas son el excentro comercial del barrio La Paz y el play\u00f3n del organismo, situado en la calle Padre Grotti N\u00ba 1040 de la ciudad capital. As\u00ed lo manifest\u00f3 a AGENFOR [&hellip;]<\/p>\n","protected":false},"author":11,"featured_media":50313,"comment_status":"closed","ping_status":"closed","sticky":false,"template":"","format":"standard","meta":{"footnotes":""},"categories":[2],"tags":[],"class_list":["post-50307","post","type-post","status-publish","format-standard","has-post-thumbnail","hentry","category-locales"],"_links":{"self":[{"href":"http:\/\/informeformosa.com.ar\/index.php?rest_route=\/wp\/v2\/posts\/50307","targetHints":{"allow":["GET"]}}],"collection":[{"href":"http:\/\/informeformosa.com.ar\/index.php?rest_route=\/wp\/v2\/posts"}],"about":[{"href":"http:\/\/informeformosa.com.ar\/index.php?rest_route=\/wp\/v2\/types\/post"}],"author":[{"embeddable":true,"href":"http:\/\/informeformosa.com.ar\/index.php?rest_route=\/wp\/v2\/users\/11"}],"replies":[{"embeddable":true,"href":"http:\/\/informeformosa.com.ar\/index.php?rest_route=%2Fwp%2Fv2%2Fcomments&post=50307"}],"version-history":[{"count":1,"href":"http:\/\/informeformosa.com.ar\/index.php?rest_route=\/wp\/v2\/posts\/50307\/revisions"}],"predecessor-version":[{"id":50314,"href":"http:\/\/informeformosa.com.ar\/index.php?rest_route=\/wp\/v2\/posts\/50307\/revisions\/50314"}],"wp:featuredmedia":[{"embeddable":true,"href":"http:\/\/informeformosa.com.ar\/index.php?rest_route=\/wp\/v2\/media\/50313"}],"wp:attachment":[{"href":"http:\/\/informeformosa.com.ar\/index.php?rest_route=%2Fwp%2Fv2%2Fmedia&parent=50307"}],"wp:term":[{"taxonomy":"category","embeddable":true,"href":"http:\/\/informeformosa.com.ar\/index.php?rest_route=%2Fwp%2Fv2%2Fcategories&post=50307"},{"taxonomy":"post_tag","embeddable":true,"href":"http:\/\/informeformosa.com.ar\/index.php?rest_route=%2Fwp%2Fv2%2Ftags&post=50307"}],"curies":[{"name":"wp","href":"https:\/\/api.w.org\/{rel}","templated":true}]}}