{"id":50287,"date":"2020-11-23T23:22:23","date_gmt":"2020-11-24T02:22:23","guid":{"rendered":"http:\/\/informeformosa.com.ar\/?p=50287"},"modified":"2020-11-23T23:22:28","modified_gmt":"2020-11-24T02:22:28","slug":"avanza-el-trabajo-de-voluntarios-para-el-ingreso-ordenado-y-administrado","status":"publish","type":"post","link":"http:\/\/informeformosa.com.ar\/?p=50287","title":{"rendered":"Avanza el trabajo de voluntarios para el  Ingreso Ordenado y Administrado"},"content":{"rendered":"\n<p>As\u00ed lo detall\u00f3 la subsecretaria de Gobierno, Gloria Gim\u00e9nez en contacto con <strong>Agenfor<\/strong> al se\u00f1alar que el equipo del Programa, estaba conformado por unas cuarenta a cincuenta personas, al que se sumaron m\u00e1s de cien voluntarios para colaborar en las distintas actividades que se deben realizar, cumpliendo con la manda judicial de la Corte Suprema de Justicia.<\/p>\n\n\n\n<p>\u201cEs un gran centro que trabaja para este ingreso masivo, de la misma forma que lo ven\u00edamos haciendo, aumentamos la cantidad de compa\u00f1eros militantes que se est\u00e1n dedicando a notificar a las personas que ingresar\u00e1n. Tenemos actividades muy espec\u00edficas, para el ingreso y tambi\u00e9n todo lo que tenemos que presentar formal y legalmente\u201d explic\u00f3.<br>Detall\u00f3 la funcionaria que el Programa se encarga de contactar a la persona que solicit\u00f3 su ingreso a Formosa, y de acompa\u00f1arla en todo el proceso, hasta su alojamiento en un Centro de Aislamiento Preventivo de la provincia.<\/p>\n\n\n\n<p>\u201cCuando la persona ingresa, otros compa\u00f1eros del Estado provincial contin\u00faan con la tarea, hasta que egrese y vaya a su hogar\u201d enfatiz\u00f3.<\/p>\n\n\n\n<p>Cabe recordar que este lunes, el Consejo de Atenci\u00f3n Integral de la Emergencia COVID-19 puso en l\u00ednea la inscripci\u00f3n al Programa \u201cMilitantes de la Salud y de la Vida\u201d&nbsp; en el marco del Ingreso Ordenado y Administrado a la provincia de Formosa.<\/p>\n\n\n\n<p>Est\u00e1 destinado a mancomunar los esfuerzos de toda la comunidad en la gesta convocada por el Gobernador Gildo Insfr\u00e1n para defender la salud y la vida de los 640 mil formose\u00f1os y formose\u00f1as.<\/p>\n\n\n\n<p>Brinda la posibilidad a cada ciudadano de ser protagonista en el desaf\u00edo asumido por el pueblo formose\u00f1o frente a la pandemia, colaborando en las distintas pol\u00edticas y acciones que se despliegan para proteger la salud y la vida de la poblaci\u00f3n.<\/p>\n\n\n\n<p>Se puede acceder a la inscripci\u00f3n en el link: https:\/\/www.formosa.gob.ar\/voluntarioscovid aunque hay una serie de requisitos, excluyentes para participar, de manera solidaria, de libre elecci\u00f3n y ad honorem.<\/p>\n\n\n\n<p>Los candidatos deben ser mayores de 18 a\u00f1os, no haber presentado ning\u00fan s\u00edntoma asociado a la enfermedad en los \u00faltimos catorce&nbsp; d\u00edas (fiebre, tos, mucosidad, dificultad para respirar), no estar embarazada.<\/p>\n","protected":false},"excerpt":{"rendered":"<p>As\u00ed lo detall\u00f3 la subsecretaria de Gobierno, Gloria Gim\u00e9nez en contacto con Agenfor al se\u00f1alar que el equipo del Programa, estaba conformado por unas cuarenta a cincuenta personas, al que se sumaron m\u00e1s de cien voluntarios para colaborar en las distintas actividades que se deben realizar, cumpliendo con la manda judicial de la Corte Suprema [&hellip;]<\/p>\n","protected":false},"author":11,"featured_media":50296,"comment_status":"closed","ping_status":"closed","sticky":false,"template":"","format":"standard","meta":{"footnotes":""},"categories":[2],"tags":[],"class_list":["post-50287","post","type-post","status-publish","format-standard","has-post-thumbnail","hentry","category-locales"],"_links":{"self":[{"href":"http:\/\/informeformosa.com.ar\/index.php?rest_route=\/wp\/v2\/posts\/50287","targetHints":{"allow":["GET"]}}],"collection":[{"href":"http:\/\/informeformosa.com.ar\/index.php?rest_route=\/wp\/v2\/posts"}],"about":[{"href":"http:\/\/informeformosa.com.ar\/index.php?rest_route=\/wp\/v2\/types\/post"}],"author":[{"embeddable":true,"href":"http:\/\/informeformosa.com.ar\/index.php?rest_route=\/wp\/v2\/users\/11"}],"replies":[{"embeddable":true,"href":"http:\/\/informeformosa.com.ar\/index.php?rest_route=%2Fwp%2Fv2%2Fcomments&post=50287"}],"version-history":[{"count":1,"href":"http:\/\/informeformosa.com.ar\/index.php?rest_route=\/wp\/v2\/posts\/50287\/revisions"}],"predecessor-version":[{"id":50297,"href":"http:\/\/informeformosa.com.ar\/index.php?rest_route=\/wp\/v2\/posts\/50287\/revisions\/50297"}],"wp:featuredmedia":[{"embeddable":true,"href":"http:\/\/informeformosa.com.ar\/index.php?rest_route=\/wp\/v2\/media\/50296"}],"wp:attachment":[{"href":"http:\/\/informeformosa.com.ar\/index.php?rest_route=%2Fwp%2Fv2%2Fmedia&parent=50287"}],"wp:term":[{"taxonomy":"category","embeddable":true,"href":"http:\/\/informeformosa.com.ar\/index.php?rest_route=%2Fwp%2Fv2%2Fcategories&post=50287"},{"taxonomy":"post_tag","embeddable":true,"href":"http:\/\/informeformosa.com.ar\/index.php?rest_route=%2Fwp%2Fv2%2Ftags&post=50287"}],"curies":[{"name":"wp","href":"https:\/\/api.w.org\/{rel}","templated":true}]}}