{"id":50284,"date":"2020-11-23T23:15:22","date_gmt":"2020-11-24T02:15:22","guid":{"rendered":"http:\/\/informeformosa.com.ar\/?p=50284"},"modified":"2020-11-23T23:15:25","modified_gmt":"2020-11-24T02:15:25","slug":"el-gobierno-provincial-tiene-mas-de-cuatro-mil-camas-disponibles-continua-el-relevamiento","status":"publish","type":"post","link":"http:\/\/informeformosa.com.ar\/?p=50284","title":{"rendered":"El gobierno provincial tiene m\u00e1s de cuatro  mil camas disponibles: contin\u00faa el relevamiento"},"content":{"rendered":"\n<p>Contin\u00faa el relevamiento de edificios p\u00fablicos y privados que puedan servir como Centros de Alojamiento Preventivo (CAP) para las m\u00e1s de ocho mil personas que ingresar\u00e1n a la provincia, por orden de la Corte Suprema de Justicia, desaf\u00edo que el propio gobernador Gildo Insfr\u00e1n destac\u00f3 como \u201cdif\u00edcil pero no imposible\u201d.<\/p>\n\n\n\n<p>\u201cEstamos muy encaminados, con un trabajo organizado que venimos cumpliendo en los tiempos que nos propusimos. En marcha estamos, y al objetivo llegaremos\u201d sintetiz\u00f3 el ministro de Gobierno, Jorge Gonz\u00e1lez.<\/p>\n\n\n\n<p>El funcionario aclar\u00f3 que el \u201cflujo de ingreso\u201d de personas a la provincia se ver\u00e1 incrementado a partir del d\u00eda mi\u00e9rcoles 25, hasta alcanzar unas 600 por d\u00eda.<\/p>\n\n\n\n<p><strong>Escuelas<\/strong><\/p>\n\n\n\n<p>En ese marco, se llevan adelante distintas tareasen diferentes establecimientos educativos para organizarlos como centros de alojamiento, garantizando el respeto por la distancia obligatoria entre personas y el cumplimiento de las normas de bioseguridad.<\/p>\n\n\n\n<p>En este sentido, se recalc\u00f3 que las escuelas \u201cest\u00e1n al servicio de la comunidad\u201d, como as\u00ed tambi\u00e9n \u201cla visi\u00f3n estrat\u00e9gica del gobernador Gildo Insfr\u00e1n en crear establecimientos educativos de primer nivel, con todas las comodidades, que servir\u00e1n para albergar y contener a tantas personas\u201d.<\/p>\n\n\n\n<p>\u201cCon orgullo les cuento que nuestra escuela fue elegida para albergar a ciertos grupos de personas que ingresen en el marco del Ingreso Ordenado y Administrado a la provincia, ya los ingenieros est\u00e1n trabajando en el acondicionamiento del edificio, porque si bien cont\u00e1bamos con algunos aires acondicionados, ahora se est\u00e1n reforzando y colocando 18 aires m\u00e1s, son splits de 4.500 y 5.400 frigor\u00edas. Tambi\u00e9n se est\u00e1n adaptando los ba\u00f1os, colocando duchas el\u00e9ctricas; se colocaron matafuegos cada dos aulas y luces de emergencias en cada aula y en cada ba\u00f1o\u201d, relat\u00f3 la directora de la EPEP N\u00b0 268 \u201cDon H\u00e9ctor Manuel Peris\u201d.<\/p>\n\n\n\n<p>Se\u00f1al\u00f3 que el objetivo es que \u201cquienes pasen sus d\u00edas en nuestra escuela, tengan una estad\u00eda digna\u201d.<\/p>\n\n\n\n<p>Por otra parte, repudi\u00f3 los dichos de la concejal Gabriela Neme, en un programa de televisi\u00f3n porte\u00f1o: \u201cNeme desconoce la realidad de las escuelas, como as\u00ed tambi\u00e9n el servicio nutricional que se brinda en cada una de ellas en toda la provincia, ya que no son merenderos, son comedores y copas de leche que no se interrumpieron en ning\u00fan momento.Esta se\u00f1ora nos falta el respeto constantemente a los trabajadores de la educaci\u00f3n y a todos los formose\u00f1os\u201d.<\/p>\n\n\n\n<p>Agreg\u00f3 que las escuelas, adem\u00e1s de albergar y contener a las personas que se alojar\u00e1n, seguir\u00e1n brindando el servicio social nutricional a sus estudiantes, y que \u201clas escuelas, los directivos, estamos de pie para acompa\u00f1ar este desaf\u00edo y acompa\u00f1ar al Gobierno de Formosa\u201d.<\/p>\n\n\n\n<p>Sobre la infraestructura del lugar, coment\u00f3 que \u201cnuestra escuela no es muy grande, ni tampoco muy chica. Tiene dos pisos y en la parte de abajo funciona el nivel primario y en el primer piso la EPES N\u00b0 56.Como nos tiene acostumbrados el gobernador Gildo Insfr\u00e1n, el edificio cuenta con todas las comodidades: internet, 18 salas, aires acondicionados, ba\u00f1os y cocina equipados\u201d.<\/p>\n\n\n\n<p>Mientras que la directora de la EPEP N\u00b0 57 \u201cGendarme Argentino\u201d, Griselda Rouseau, manifest\u00f3 que ya la log\u00edstica est\u00e1 lista para convertir el establecimiento en un centro de alojamiento preventivo m\u00e1s, pero que a la vez no se dejar\u00e1 de cumplir con las funciones educativas ni nutricionales.<\/p>\n\n\n\n<p>\u201cTodas las aulas de las escuelas tienen aire acondicionado, como as\u00ed tambi\u00e9n en el SUM; contamos con un polideportivo, la cocina y los ba\u00f1os son impecables. El Gobierno cuida a quienes ingresan a la provincia y adem\u00e1s a cada uno de los que estamos dentro del territorio, es valorable y admirable la conducci\u00f3n del gobernador Insfr\u00e1n\u201d, subray\u00f3.<\/p>\n\n\n\n<p>M\u00f3nica Arguello, directora de la EPEP N\u00b0 82 \u201cLuis Gaspar Ruiz\u201d, inform\u00f3 que desde el d\u00eda viernes 20 se trabaja \u201csin parar\u201d para acondicionar la instituci\u00f3n que albergar\u00e1 a grupos de 45 personas.<\/p>\n\n\n\n<p>\u201cDesde este viernes iniciamos la tarea de acondicionamiento del establecimiento y no paramos ni un d\u00eda, diferentes organismos del Estado provincial nos colaboran en este trabajo, somos muchos y el personal de Obras y Servicios P\u00fablicos y de la Consultora Sigma est\u00e1n instalando las duchas en los ba\u00f1os como as\u00ed tambi\u00e9n los aires acondicionados en las aulas\u201d, continu\u00f3.<\/p>\n\n\n\n<p>En este contexto, indic\u00f3 que el edificio cuenta con nueve salones y se prev\u00e9 cuatro personas por aula, a la vez que se est\u00e1 analizando la posibilidad de disponer del sal\u00f3n de usos m\u00faltiples (SUM).<\/p>\n\n\n\n<p>Sobre el final, fue consultada la directora de la EPES N\u00b052 \u201cMonona Donkin\u201d, Graciela Torres, quien destac\u00f3 contar \u201ccon un flamante establecimiento en el cual ya se acondicionaron 16 aulas del piso superior\u201d.<\/p>\n\n\n\n<p>Indic\u00f3 que todos los salones cuentan con internet y aire acondicionado Split y que las duchas son con agua fr\u00eda y caliente.<\/p>\n\n\n\n<p>\u201cEl colegio est\u00e1 m\u00e1s que listo para recibir a los formose\u00f1os y formose\u00f1as que est\u00e1n ingresando y nuestra comunidad educativa trabaja y trabajar\u00e1 con compromiso institucional, acompa\u00f1ando las decisiones del gobernador\u201d, dijo para finalizar.<\/p>\n\n\n\n<p><strong>Moj\u00f3n de Fierro<\/strong><\/p>\n\n\n\n<p>La recientemente inaugurada Escuela de Frontera N\u00b02 de Moj\u00f3n de Fierro ser\u00e1 Centro de Alojamiento Preventivo. Este lunes feriado por la siesta, un grupo de cadetes de la polic\u00eda descarg\u00f3 un cami\u00f3n completo con camas, colchones y elementos de limpieza.<\/p>\n\n\n\n<p>Apenas finaliz\u00f3 la descarga, comenz\u00f3 el armado de las camas de madera, para dejar todo listo para los primeros formose\u00f1os que llegar\u00e1n a alojarse en las modernas instalaciones.<\/p>\n","protected":false},"excerpt":{"rendered":"<p>Contin\u00faa el relevamiento de edificios p\u00fablicos y privados que puedan servir como Centros de Alojamiento Preventivo (CAP) para las m\u00e1s de ocho mil personas que ingresar\u00e1n a la provincia, por orden de la Corte Suprema de Justicia, desaf\u00edo que el propio gobernador Gildo Insfr\u00e1n destac\u00f3 como \u201cdif\u00edcil pero no imposible\u201d. \u201cEstamos muy encaminados, con un [&hellip;]<\/p>\n","protected":false},"author":11,"featured_media":50290,"comment_status":"closed","ping_status":"closed","sticky":false,"template":"","format":"standard","meta":{"footnotes":""},"categories":[21],"tags":[],"class_list":["post-50284","post","type-post","status-publish","format-standard","has-post-thumbnail","hentry","category-provinciales"],"_links":{"self":[{"href":"http:\/\/informeformosa.com.ar\/index.php?rest_route=\/wp\/v2\/posts\/50284","targetHints":{"allow":["GET"]}}],"collection":[{"href":"http:\/\/informeformosa.com.ar\/index.php?rest_route=\/wp\/v2\/posts"}],"about":[{"href":"http:\/\/informeformosa.com.ar\/index.php?rest_route=\/wp\/v2\/types\/post"}],"author":[{"embeddable":true,"href":"http:\/\/informeformosa.com.ar\/index.php?rest_route=\/wp\/v2\/users\/11"}],"replies":[{"embeddable":true,"href":"http:\/\/informeformosa.com.ar\/index.php?rest_route=%2Fwp%2Fv2%2Fcomments&post=50284"}],"version-history":[{"count":1,"href":"http:\/\/informeformosa.com.ar\/index.php?rest_route=\/wp\/v2\/posts\/50284\/revisions"}],"predecessor-version":[{"id":50291,"href":"http:\/\/informeformosa.com.ar\/index.php?rest_route=\/wp\/v2\/posts\/50284\/revisions\/50291"}],"wp:featuredmedia":[{"embeddable":true,"href":"http:\/\/informeformosa.com.ar\/index.php?rest_route=\/wp\/v2\/media\/50290"}],"wp:attachment":[{"href":"http:\/\/informeformosa.com.ar\/index.php?rest_route=%2Fwp%2Fv2%2Fmedia&parent=50284"}],"wp:term":[{"taxonomy":"category","embeddable":true,"href":"http:\/\/informeformosa.com.ar\/index.php?rest_route=%2Fwp%2Fv2%2Fcategories&post=50284"},{"taxonomy":"post_tag","embeddable":true,"href":"http:\/\/informeformosa.com.ar\/index.php?rest_route=%2Fwp%2Fv2%2Ftags&post=50284"}],"curies":[{"name":"wp","href":"https:\/\/api.w.org\/{rel}","templated":true}]}}