{"id":50279,"date":"2020-11-22T12:51:31","date_gmt":"2020-11-22T15:51:31","guid":{"rendered":"http:\/\/informeformosa.com.ar\/?p=50279"},"modified":"2020-11-23T00:56:39","modified_gmt":"2020-11-23T03:56:39","slug":"ya-se-puede-inscribir-como-voluntario-para-colaborar-con-el-ingreso-ordenado-y-administrado-a-la-provincia-de-formosa","status":"publish","type":"post","link":"http:\/\/informeformosa.com.ar\/?p=50279","title":{"rendered":"Ya se puede inscribir como voluntario para colaborar con el Ingreso Ordenado y Administrado a la Provincia de Formosa"},"content":{"rendered":"\n<p>El Consejo de Atenci\u00f3n Integral de la Emergencia COVID-19 puso en l\u00ednea la inscripci\u00f3n al Programa \u201cMilitantes de la Salud y de la Vida\u201d &nbsp;en el marco delIngreso Ordenado y Administrado a la provincia de Formosa.<\/p>\n\n\n\n<p>Se trata de un programa destinado a mancomunar los esfuerzos de toda la comunidad en la gesta convocada por el Gobernador Gildo Insfr\u00e1n para defender la salud y la vida de los 640 mil formose\u00f1os y formose\u00f1as.<br>Brinda la posibilidad a cada ciudadano de ser protagonista en el desaf\u00edo asumido por el pueblo formose\u00f1o frente a la pandemia, colaborando en las distintas pol\u00edticas y acciones que se despliegan para proteger la salud y la vida de la poblaci\u00f3n.<\/p>\n\n\n\n<p>Se puede acceder a la inscripci\u00f3n en el link: <a href=\"https:\/\/www.formosa.gob.ar\/voluntarioscovid\">https:\/\/www.formosa.gob.ar\/voluntarioscovid<\/a> aunque hay una serie de requisitos, excluyentes para participar, de manera solidaria, de libre elecci\u00f3n y ad honorem.<\/p>\n\n\n\n<p>Los candidatos deben ser mayores de 18 a\u00f1os, no haber presentado ning\u00fan s\u00edntoma asociado a la enfermedad en los \u00faltimos catorce &nbsp;d\u00edas (fiebre, tos, mucosidad, dificultad para respirar), no estar embarazada.<\/p>\n\n\n\n<p><strong>No podr\u00e1n formar parte<\/strong><\/p>\n\n\n\n<p>No podr\u00e1n participar del programa personas y\/o grupos de riego, con enfermedades respiratoriascr\u00f3nicas: hernia diafragm\u00e1tica, enfermedad pulmonar obstructiva cr\u00f3nica [EPOC], enfisema cong\u00e9nito, displasia broncopulmonar, traqueostomizados cr\u00f3nicos, bronquiectasias, fibrosis qu\u00edstica y asma.<\/p>\n\n\n\n<p>Adem\u00e1s, quienes padezcan enfermedades card\u00edacas: Insuficiencia card\u00edaca, enfermedad coronaria, reemplazo valvular, valvulopat\u00edas y cardiopat\u00edas cong\u00e9nitas.<br>Tampoco personas con inmunodeficiencias cong\u00e9nitas o adquiridas (no oncohematol\u00f3gica): VIH dependiendo del status (menos de 350 CD4 o con carga viral detectable) o pacientes con VIH con presencia de comorbilidades independientemente del status inmunol\u00f3gico, utilizaci\u00f3n de medicaci\u00f3n inmunosupresora o corticoides en altas dosis (mayor a 2 mg\/kg\/d\u00eda de metilprednisona o m\u00e1s de 20 mg\/d\u00eda o su equivalente por m\u00e1s de 14 d\u00edas), inmunodeficiencia cong\u00e9nita, asplenia funcional o anat\u00f3mica (incluida anemia drepanoc\u00edtica) y desnutrici\u00f3n grave;<\/p>\n\n\n\n<p>Pacientes oncohematol\u00f3gicos y trasplantados: tumor de \u00f3rgano s\u00f3lido en tratamiento, enfermedad oncohematol\u00f3gica hasta seis meses posteriores a la remisi\u00f3n completa, &nbsp;y trasplantados de \u00f3rganos s\u00f3lidos o de precursores hematopoy\u00e9ticos.<\/p>\n\n\n\n<p>Tampoco podr\u00e1n hacerlo personas con obesidad m\u00f3rbida, &nbsp;(con \u00edndice de masa corporal mayor a 40); diab\u00e9ticos insulino dependientes; personas con insuficiencia renal cr\u00f3nica en di\u00e1lisis o con expectativas de ingresar a di\u00e1lisis en los siguientes seis meses.<\/p>\n","protected":false},"excerpt":{"rendered":"<p>El Consejo de Atenci\u00f3n Integral de la Emergencia COVID-19 puso en l\u00ednea la inscripci\u00f3n al Programa \u201cMilitantes de la Salud y de la Vida\u201d &nbsp;en el marco delIngreso Ordenado y Administrado a la provincia de Formosa. Se trata de un programa destinado a mancomunar los esfuerzos de toda la comunidad en la gesta convocada por [&hellip;]<\/p>\n","protected":false},"author":11,"featured_media":50281,"comment_status":"closed","ping_status":"closed","sticky":false,"template":"","format":"standard","meta":{"footnotes":""},"categories":[12],"tags":[],"class_list":["post-50279","post","type-post","status-publish","format-standard","has-post-thumbnail","hentry","category-salud"],"_links":{"self":[{"href":"http:\/\/informeformosa.com.ar\/index.php?rest_route=\/wp\/v2\/posts\/50279","targetHints":{"allow":["GET"]}}],"collection":[{"href":"http:\/\/informeformosa.com.ar\/index.php?rest_route=\/wp\/v2\/posts"}],"about":[{"href":"http:\/\/informeformosa.com.ar\/index.php?rest_route=\/wp\/v2\/types\/post"}],"author":[{"embeddable":true,"href":"http:\/\/informeformosa.com.ar\/index.php?rest_route=\/wp\/v2\/users\/11"}],"replies":[{"embeddable":true,"href":"http:\/\/informeformosa.com.ar\/index.php?rest_route=%2Fwp%2Fv2%2Fcomments&post=50279"}],"version-history":[{"count":1,"href":"http:\/\/informeformosa.com.ar\/index.php?rest_route=\/wp\/v2\/posts\/50279\/revisions"}],"predecessor-version":[{"id":50282,"href":"http:\/\/informeformosa.com.ar\/index.php?rest_route=\/wp\/v2\/posts\/50279\/revisions\/50282"}],"wp:featuredmedia":[{"embeddable":true,"href":"http:\/\/informeformosa.com.ar\/index.php?rest_route=\/wp\/v2\/media\/50281"}],"wp:attachment":[{"href":"http:\/\/informeformosa.com.ar\/index.php?rest_route=%2Fwp%2Fv2%2Fmedia&parent=50279"}],"wp:term":[{"taxonomy":"category","embeddable":true,"href":"http:\/\/informeformosa.com.ar\/index.php?rest_route=%2Fwp%2Fv2%2Fcategories&post=50279"},{"taxonomy":"post_tag","embeddable":true,"href":"http:\/\/informeformosa.com.ar\/index.php?rest_route=%2Fwp%2Fv2%2Ftags&post=50279"}],"curies":[{"name":"wp","href":"https:\/\/api.w.org\/{rel}","templated":true}]}}