{"id":50266,"date":"2020-11-22T12:41:07","date_gmt":"2020-11-22T15:41:07","guid":{"rendered":"http:\/\/informeformosa.com.ar\/?p=50266"},"modified":"2020-11-23T00:47:22","modified_gmt":"2020-11-23T03:47:22","slug":"de-los-pacientes-internados-con-covid-solo-seis-presentan-sintomas-leves","status":"publish","type":"post","link":"http:\/\/informeformosa.com.ar\/?p=50266","title":{"rendered":"De los pacientes internados con COVID, s\u00f3lo seis presentan s\u00edntomas leves"},"content":{"rendered":"\n<p>El m\u00e9dico infect\u00f3logo, Juli\u00e1n Bibolini, brind\u00f3 el informe diario de salud de los pacientes que permanecen internados con COVID en el Hospital Interdistrital Evita. Tales declaraciones fueron realizadas durante una nueva conferencia de prensa del Consejo de Atenci\u00f3n Integral de la Emergencia COVID 19.<\/p>\n\n\n\n<p>\u201cDe los pacientes internados hay 6 que presentan s\u00edntomas moderados, ninguno est\u00e1 con necesidad de terapia intensiva, ni de asistencia respiratoria mec\u00e1nica, ni siquiera ox\u00edgeno\u201d, detall\u00f3 el especialista.<\/p>\n\n\n\n<p>Adem\u00e1s, se\u00f1al\u00f3 que todos se encuentran internados en sala general, con s\u00edntomas leves como congesti\u00f3n nasal, tos y una persona present\u00f3 \u201cun poco de fiebre\u201d, pero la curva t\u00e9rmica \u201cya est\u00e1 disminuyendo\u201d.<\/p>\n\n\n\n<p>\u201cEl resto de las personas est\u00e1n asintom\u00e1ticas, cl\u00ednicamente no tienen ninguna manifestaci\u00f3n de la infecci\u00f3n. Algunos par\u00e1metros de laboratorio est\u00e1n alterados pero no es ning\u00fan rango de gravedad, es algo esperable ante estas circunstancias al igual que algunas radiograf\u00edas\u201d, explic\u00f3 Bibolini.<\/p>\n\n\n\n<p>Por \u00faltimo, el m\u00e9dico confirm\u00f3 que \u201cevolucionan favorablemente\u201d y anticip\u00f3 que \u201cveremos si en el transcurso de la semana tendremos la dicha de que alguna persona se vaya de alta como el caso de hoy\u201d.<\/p>\n","protected":false},"excerpt":{"rendered":"<p>El m\u00e9dico infect\u00f3logo, Juli\u00e1n Bibolini, brind\u00f3 el informe diario de salud de los pacientes que permanecen internados con COVID en el Hospital Interdistrital Evita. Tales declaraciones fueron realizadas durante una nueva conferencia de prensa del Consejo de Atenci\u00f3n Integral de la Emergencia COVID 19. \u201cDe los pacientes internados hay 6 que presentan s\u00edntomas moderados, ninguno [&hellip;]<\/p>\n","protected":false},"author":11,"featured_media":50270,"comment_status":"closed","ping_status":"closed","sticky":false,"template":"","format":"standard","meta":{"footnotes":""},"categories":[12],"tags":[],"class_list":["post-50266","post","type-post","status-publish","format-standard","has-post-thumbnail","hentry","category-salud"],"_links":{"self":[{"href":"http:\/\/informeformosa.com.ar\/index.php?rest_route=\/wp\/v2\/posts\/50266","targetHints":{"allow":["GET"]}}],"collection":[{"href":"http:\/\/informeformosa.com.ar\/index.php?rest_route=\/wp\/v2\/posts"}],"about":[{"href":"http:\/\/informeformosa.com.ar\/index.php?rest_route=\/wp\/v2\/types\/post"}],"author":[{"embeddable":true,"href":"http:\/\/informeformosa.com.ar\/index.php?rest_route=\/wp\/v2\/users\/11"}],"replies":[{"embeddable":true,"href":"http:\/\/informeformosa.com.ar\/index.php?rest_route=%2Fwp%2Fv2%2Fcomments&post=50266"}],"version-history":[{"count":1,"href":"http:\/\/informeformosa.com.ar\/index.php?rest_route=\/wp\/v2\/posts\/50266\/revisions"}],"predecessor-version":[{"id":50271,"href":"http:\/\/informeformosa.com.ar\/index.php?rest_route=\/wp\/v2\/posts\/50266\/revisions\/50271"}],"wp:featuredmedia":[{"embeddable":true,"href":"http:\/\/informeformosa.com.ar\/index.php?rest_route=\/wp\/v2\/media\/50270"}],"wp:attachment":[{"href":"http:\/\/informeformosa.com.ar\/index.php?rest_route=%2Fwp%2Fv2%2Fmedia&parent=50266"}],"wp:term":[{"taxonomy":"category","embeddable":true,"href":"http:\/\/informeformosa.com.ar\/index.php?rest_route=%2Fwp%2Fv2%2Fcategories&post=50266"},{"taxonomy":"post_tag","embeddable":true,"href":"http:\/\/informeformosa.com.ar\/index.php?rest_route=%2Fwp%2Fv2%2Ftags&post=50266"}],"curies":[{"name":"wp","href":"https:\/\/api.w.org\/{rel}","templated":true}]}}