{"id":50260,"date":"2020-11-20T14:49:13","date_gmt":"2020-11-20T17:49:13","guid":{"rendered":"http:\/\/informeformosa.com.ar\/?p=50260"},"modified":"2020-11-20T14:49:16","modified_gmt":"2020-11-20T17:49:16","slug":"gildo-insfran-les-propongo-hacer-lo-imposible-para-seguir-protegiendo-el-estatus-sanitario-de-formosa","status":"publish","type":"post","link":"http:\/\/informeformosa.com.ar\/?p=50260","title":{"rendered":"Gildo Insfr\u00e1n: \u201cLes propongo hacer lo imposible  para seguir protegiendo el estatus sanitario de Formosa\u201d"},"content":{"rendered":"\n<p><em>Adem\u00e1s, el personal de salud se aprestar\u00e1 para realizar una cantidad masiva de hisopados, as\u00ed como para brindar atenci\u00f3n m\u00e9dica ante posibles nuevos casos positivos. A su vez, la log\u00edstica de todos los organismos provinciales que intervienen en la tarea ser\u00e1 reforzada por las personas que decidan voluntariamente colaborar, con la capacitaci\u00f3n previa y el equipamiento de bioseguridad adecuados.<\/em><\/p>\n\n\n\n<p>El gobernador de Formosa, el doctor Gildo Insfr\u00e1n, anunci\u00f3 que el Gobierno provincial \u201ccumplir\u00e1 con lo ordenado por la Corte Suprema de Justicia de la Naci\u00f3n\u201d y dispondr\u00e1, en el plazo de 15 d\u00edas, el ingreso a la provincia de 8321 personas a trav\u00e9s del Programa de Ingreso Ordenado y Administrado, para lo cual se relevar\u00e1n los alojamientos disponibles en el territorio formose\u00f1o y se reforzar\u00e1 la tarea sanitaria tanto en log\u00edstica como en la realizaci\u00f3n masiva de hisopados.<\/p>\n\n\n\n<p>A trav\u00e9s de un mensaje desde Casa de Gobierno transmitido por la cadena provincial, el primer mandatario manifest\u00f3 que \u201cestamos transitando un a\u00f1o que quedar\u00e1 en los libros de historia\u201d, ya que \u201cla humanidad est\u00e1 enfrentando el peor peligro sanitario del \u00faltimo siglo: una pandemia que ya contagi\u00f3 a m\u00e1s de 56 millones de personas en el mundo, causando m\u00e1s de 1.350.000 muertes\u201d y de la que Argentina no est\u00e1 ajena, puesto que en el pa\u00eds \u201cya se notificaron 1.349.434 casos positivos de COVID-19 y hasta el d\u00eda de hoy son 36.532 compatriotas los que perdieron la vida producto de esta enfermedad\u201d.<\/p>\n\n\n\n<p>Ante este dif\u00edcil y alarmante contexto mundial, puso de resalto que \u201cFormosa viene desplegando una estrategia sanitaria con resultados extraordinarios\u201d, logrando \u201cmantener a la provincia libre de COVID-19 durante 89 d\u00edas desde que se declarara la emergencia sanitaria en marzo\u201d.<\/p>\n\n\n\n<p>De entonces, remarc\u00f3, \u201chemos llevado adelante una gesta enorme trabajando unidos, pueblo y Gobierno, para resguardar la salud y la vida de los 640 mil formose\u00f1os\u201d, destacando que \u201clos resultados son contundentes\u201d, porque \u201cFormosa es la provincia con menor cantidad de casos de coronavirus y de fallecimientos del pa\u00eds, habiendo tenido que lamentar una \u00fanica muerte por la enfermedad hasta el momento\u201d.<\/p>\n\n\n\n<p>En ese sentido, agradeci\u00f3 a todo el pueblo formose\u00f1o por \u201cel gran esfuerzo realizado en estos meses, que nos permiti\u00f3 alcanzar y sostener este estatus sanitario excepcional. Juntos hemos podido evitar miles de contagios y salvar cientos de vidas\u201d, mencionando al personal de salud y de seguridad, que \u201cvienen desplegando un trabajo destacad\u00edsimo, muy profesional y comprometido para con la comunidad\u201d, y a los intendentes por \u201ctrabajar mancomunadamente con el Gobierno provincial para proteger la vida y la salud de los vecinos de cada localidad formose\u00f1a\u201d.<\/p>\n\n\n\n<p>Tambi\u00e9n agradeci\u00f3 a \u201ctodas las personas que desde su lugar, ya sea en el \u00e1mbito p\u00fablico o privado, desde sus trabajos o desde la casa, se han comprometido en el cumplimiento de las medidas sanitarias y protocolos vigentes para cuidarnos entre todos\u201d.<\/p>\n\n\n\n<p>Categ\u00f3rico, el gobernador Insfr\u00e1n signific\u00f3 que \u201ces mucho lo que hemos logrado hasta este momento\u201d y que \u201cahora nos toca enfrentar unidos un desaf\u00edo descomunal\u201d.<\/p>\n\n\n\n<p><strong>Fallo de la CSJN<\/strong><\/p>\n\n\n\n<p>Al referirse al fallo de la Corte Suprema de Justicia de la Naci\u00f3n (CSJN), afirm\u00f3 que \u201cimpacta en una de las medidas sanitarias m\u00e1s estrat\u00e9gicas y m\u00e1s efectivas que hemos implementado hasta el momento, que es el ingreso ordenado y administrado de personas a nuestro territorio\u201d.<\/p>\n\n\n\n<p>En este punto, indic\u00f3 que \u201cla Corte Suprema reconoci\u00f3 las facultades de Formosa para establecer en nuestro territorio las medidas de prevenci\u00f3n que consideremos adecuadas frente a la pandemia\u201d, lo cual implica \u201creconocer la validez del programa de ingreso ordenado y administrado a la provincia, con la cuarentena obligatoria y los controles sanitarios pertinentes, punto que hemos sostenido en todo este tiempo\u201d.<\/p>\n\n\n\n<p>Reconoce adem\u00e1s la Corte, enfatiz\u00f3 el titular del Ejecutivo, que \u201ceste programa tiene el prop\u00f3sito de protecci\u00f3n de la salud p\u00fablica\u201d. Sin perjuicio de ello, consider\u00f3 el m\u00e1ximo Tribunal que los plazos previstos para el ingreso de las personas inscriptas ser\u00edan limitaciones irrazonables a la autonom\u00eda personal y a la libre circulaci\u00f3n.<\/p>\n\n\n\n<p>Por esta raz\u00f3n, ordena a la provincia a que \u201carbitre los medios necesarios para garantizar el efectivo ingreso al territorio, con cumplimiento de las medidas sanitarias que estime pertinentes, de todos los ciudadanos que lo hayan solicitado, dentro del plazo m\u00e1ximo de 15 d\u00edas h\u00e1biles, ajustando el programa\u201d a las pautas mencionadas.<\/p>\n\n\n\n<p>Puso de relieve que \u201cnosotros hemos recurrido en todas las instancias judiciales pertinentes, porque&nbsp;<strong>entendemos que el derecho a la salud y a la vida de los 640 mil formose\u00f1os y formose\u00f1as son los bienes jur\u00eddicos superiores a proteger en el marco de una pandemia<\/strong>, lo cual permite regular con mayor intensidad otros derechos, como el de libre circulaci\u00f3n\u201d, reafirmando que \u201cmantenemos este pensamiento, as\u00ed como mantenemos nuestro Programa de Ingreso Ordenado y Administrado, puesto que no se ha probado en ning\u00fan lugar que exista otra modalidad mejor o m\u00e1s segura para el ingreso de personas\u201d.<\/p>\n\n\n\n<p>De igual modo, atestigu\u00f3 que \u201ctambi\u00e9n somos respetuosos de las instituciones de la Rep\u00fablica, y por esta raz\u00f3n,&nbsp;<strong>cumpliremos con lo ordenado por la Corte Suprema\u201d.<\/strong><\/p>\n\n\n\n<p><strong>Desaf\u00edo<\/strong><\/p>\n\n\n\n<p>\u201cFormose\u00f1os y formose\u00f1as, tenemos por delante un desaf\u00edo como pocas veces hemos tenido que enfrentar como pueblo \u2013afirm\u00f3-.&nbsp;<strong>Hoy nos toca ser m\u00e1s que nunca protagonistas de la historia<\/strong>\u201d, marcando que \u201cen los pr\u00f3ximos d\u00edas se pondr\u00e1 a prueba toda nuestra capacidad de respuesta como pueblo unido, organizado y solidario\u201d.<\/p>\n\n\n\n<p>Detall\u00f3 el primer mandatario que \u201cdesde el inicio de la pandemia hemos logrado el ingreso seguro de 6721 personas a la provincia\u201d, a las que deben sumarse los ingresos irregulares y los incumplimientos de protocolos sanitarios con sus respectivos contactos estrechos, que llev\u00f3 a poner en cuarentena de manera segura a un total de 10.890 personas en estos meses con el fin de evitar la circulaci\u00f3n comunitaria del coronavirus.&nbsp;<\/p>\n\n\n\n<p>\u201cLa experiencia nos indica que la infraestructura y log\u00edstica actual de los centros de alojamiento preventivo, as\u00ed como el personal de salud y seguridad que prestan funciones en dichos centros, no son suficientes para recibir en tan poco tiempo a las&nbsp;<strong>8321 personas<\/strong>&nbsp;que se encontraban inscriptas hasta el momento en que se dict\u00f3 la medida cautelar\u201d, puntualiz\u00f3.<\/p>\n\n\n\n<p>Advirti\u00f3 que \u201c<strong>menos de la mitad de estos inscriptos, solo 3766, tienen domicilio en la provincia. La mayor\u00eda de ellos, es decir 4555, son personas sin domicilio en la provincia que solicitaron su ingreso a nuestro territorio.<\/strong>&nbsp;A la totalidad de ellos debemos hacer ingresar a Formosa en un plazo muy breve para cumplir con la manda judicial\u201d.&nbsp;&nbsp;&nbsp;<\/p>\n\n\n\n<p>Por ello, comunic\u00f3 el Gobernador, \u201chemos tomado la decisi\u00f3n de&nbsp;<strong>relevar la totalidad de los alojamientos disponibles en toda la provincia<\/strong>, tanto de instituciones p\u00fablicas como instituciones privadas que los pongan a disposici\u00f3n, con el fin de utilizar los m\u00e1s adecuados para responder a este ingreso de personas a la provincia\u201d.<\/p>\n\n\n\n<p>Asimismo, anunci\u00f3 que el personal de salud se aprestar\u00e1 para realizar una cantidad masiva de hisopados, as\u00ed como para brindar atenci\u00f3n m\u00e9dica ante la \u201cinevitable y considerable\u201d cantidad de casos positivos que \u201csin dudas vamos a detectar\u201d, previno. &nbsp;<\/p>\n\n\n\n<p>Seg\u00fan esclareci\u00f3, \u201cpara atender a estas 8321 personas a ser alojadas,&nbsp;<strong>la log\u00edstica de todos los organismos provinciales que intervienen en la tarea ser\u00e1 reforzada<\/strong>&nbsp;por todas aquellas personas que decidan voluntariamente colaborar, con la capacitaci\u00f3n previa y el equipamiento de bioseguridad adecuados para cumplir esta funci\u00f3n\u201d.<\/p>\n\n\n\n<p><strong>Gesta<\/strong><\/p>\n\n\n\n<p>En el tramo final de su discurso, el titular del Ejecutivo formose\u00f1o asegur\u00f3 que \u201ceste desaf\u00edo \u00fanicamente lo podremos superar como&nbsp;<strong>pueblo organizado<\/strong>, puesto que el cumplimiento de la medida judicial con los recaudos sanitarios de Formosa, excede la capacidad de respuesta institucional de cualquier Gobierno provincial del pa\u00eds\u201d.<\/p>\n\n\n\n<p>\u201cEsto no nos desanima, porque somos formose\u00f1os y no sabemos lo que significa rendirse\u201d, robusteci\u00f3, resaltando que \u201c<strong>hemos prometido proteger el estatus sanitario de Formosa a toda costa. Y eso es lo que haremos.<\/strong>&nbsp;Proteger la salud y la vida de toda la poblaci\u00f3n, de nuestras familias, de nuestros amigos, de nuestros seres queridos, con todas las herramientas que est\u00e1n a nuestro alcance\u201d.<\/p>\n\n\n\n<p>Realz\u00f3 que \u201clo que hemos logrado hasta ahora, era lo mejor que se pod\u00eda hacer dentro de lo posible\u201d, acentuando que \u201c<strong>hoy les propongo hacer lo imposible.<\/strong>&nbsp;Somos tan optimistas que podemos ver las estrellas a\u00fan en la noche m\u00e1s oscura\u201d.<\/p>\n\n\n\n<p>\u201cQue no caiga la fe. Que no caiga la esperanza\u201d, exhort\u00f3 el gobernador Insfr\u00e1n. \u201cEstoy convencido que lo podemos lograr porque no conozco pueblo m\u00e1s tenaz, decidido y valiente que el pueblo formose\u00f1o.&nbsp;<strong>\u00a1Fuerza comprovincianos!\u201d.<\/strong><\/p>\n\n\n\n<p>Para concluir, remarc\u00f3 que \u201cen el D\u00eda de la Soberan\u00eda Nacional, con el mismo empe\u00f1o de nuestros h\u00e9roes de la Vuelta de Obligado, decimos que&nbsp;<strong>con unidad, organizaci\u00f3n y solidaridad, \u00a1no hay adversidad que no podamos superar!&nbsp;<\/strong>Que Dios y la Virgen del Carmen, patrona nuestra, nos protejan y gu\u00eden en&nbsp;<strong>esta gesta que debemos emprender.<\/strong>&nbsp;\u00a1En Formosa, no se rinde nadie!\u201d, concluy\u00f3.&nbsp;<\/p>\n","protected":false},"excerpt":{"rendered":"<p>Adem\u00e1s, el personal de salud se aprestar\u00e1 para realizar una cantidad masiva de hisopados, as\u00ed como para brindar atenci\u00f3n m\u00e9dica ante posibles nuevos casos positivos. A su vez, la log\u00edstica de todos los organismos provinciales que intervienen en la tarea ser\u00e1 reforzada por las personas que decidan voluntariamente colaborar, con la capacitaci\u00f3n previa y el [&hellip;]<\/p>\n","protected":false},"author":11,"featured_media":50261,"comment_status":"closed","ping_status":"closed","sticky":false,"template":"","format":"standard","meta":{"footnotes":""},"categories":[21],"tags":[],"class_list":["post-50260","post","type-post","status-publish","format-standard","has-post-thumbnail","hentry","category-provinciales"],"_links":{"self":[{"href":"http:\/\/informeformosa.com.ar\/index.php?rest_route=\/wp\/v2\/posts\/50260","targetHints":{"allow":["GET"]}}],"collection":[{"href":"http:\/\/informeformosa.com.ar\/index.php?rest_route=\/wp\/v2\/posts"}],"about":[{"href":"http:\/\/informeformosa.com.ar\/index.php?rest_route=\/wp\/v2\/types\/post"}],"author":[{"embeddable":true,"href":"http:\/\/informeformosa.com.ar\/index.php?rest_route=\/wp\/v2\/users\/11"}],"replies":[{"embeddable":true,"href":"http:\/\/informeformosa.com.ar\/index.php?rest_route=%2Fwp%2Fv2%2Fcomments&post=50260"}],"version-history":[{"count":1,"href":"http:\/\/informeformosa.com.ar\/index.php?rest_route=\/wp\/v2\/posts\/50260\/revisions"}],"predecessor-version":[{"id":50262,"href":"http:\/\/informeformosa.com.ar\/index.php?rest_route=\/wp\/v2\/posts\/50260\/revisions\/50262"}],"wp:featuredmedia":[{"embeddable":true,"href":"http:\/\/informeformosa.com.ar\/index.php?rest_route=\/wp\/v2\/media\/50261"}],"wp:attachment":[{"href":"http:\/\/informeformosa.com.ar\/index.php?rest_route=%2Fwp%2Fv2%2Fmedia&parent=50260"}],"wp:term":[{"taxonomy":"category","embeddable":true,"href":"http:\/\/informeformosa.com.ar\/index.php?rest_route=%2Fwp%2Fv2%2Fcategories&post=50260"},{"taxonomy":"post_tag","embeddable":true,"href":"http:\/\/informeformosa.com.ar\/index.php?rest_route=%2Fwp%2Fv2%2Ftags&post=50260"}],"curies":[{"name":"wp","href":"https:\/\/api.w.org\/{rel}","templated":true}]}}