{"id":50255,"date":"2020-11-17T23:28:44","date_gmt":"2020-11-18T02:28:44","guid":{"rendered":"http:\/\/informeformosa.com.ar\/?p=50255"},"modified":"2020-11-17T23:28:47","modified_gmt":"2020-11-18T02:28:47","slug":"formosa-la-caravana-de-la-militancia-peronista-mas-grande-del-pais","status":"publish","type":"post","link":"http:\/\/informeformosa.com.ar\/?p=50255","title":{"rendered":"Formosa: la caravana de la militancia peronista m\u00e1s grande del pa\u00eds"},"content":{"rendered":"\n<p>\u201cEl caravanazo\u201d en acompa\u00f1amiento del primer mandatario comenz\u00f3pasadas las 15,30 horas, recorriendo gran parte de la ciudad capital, incluyendo lugares como la Cruz del norte, la avenida presidente N\u00e9stor Kirchner, la jurisdicci\u00f3n Cinco, microcentro, Casa de Gobierno.<\/p>\n\n\n\n<p>&nbsp;En simult\u00e1neo, id\u00e9nticas manifestaciones populares se realizaron en parajes, pueblos y localidades de todo el interior provincial.<\/p>\n\n\n\n<p>Los militantes justicialistas se desplazaron en camionetas, autom\u00f3viles y motocicletas, portando banderas del PJ y tambi\u00e9n argentinas, y lentamente avanzaron recorriendo los distintos barrios.<\/p>\n\n\n\n<p>En Capital, la multitudinaria caravana, luego de recorrer un total de 40 kil\u00f3metros, culmin\u00f3 en la plaza San Mart\u00edn, frente al busto de Juan Domingo Per\u00f3n, donde se realiz\u00f3 un acto. All\u00ed, un n\u00famero importante de militantes de distintas agrupaciones lleg\u00f3 de a pie, para participar, portando pancartas, banderas y carteles.<\/p>\n\n\n\n<p><strong>Manifiesto<\/strong><\/p>\n\n\n\n<p>En ese lugar, se ley\u00f3 un manifiesto del militante formose\u00f1o, que se\u00f1ala que \u201cLas grandes gestas de la historia han sido protagonizadas siempre por pueblos conscientes de su destino, que encuentran al l\u00edder que los conduce. Juntos construyen y hacen realidad ese destino al cual estaban llamados. Hoy los peronistas celebramos una de esas gestas colectivas, que hace a nuestra historia, consolida nuestra identidad, forja nuestro car\u00e1cter y nos orienta en el devenir\u201d.<\/p>\n\n\n\n<p>\u201cCelebrar el D\u00eda de la Militancia no es un hecho menor y ni es para cualquiera. La militancia es la conjunci\u00f3n de sue\u00f1os, ideales y acciones que encuentran un cauce en proyectos concretos y que tienen capacidad transformadora, otorgando sentido y trascendencia a cada acto\u201d.&nbsp;<\/p>\n\n\n\n<p>\u201cLa militancia es, en definitiva, un acto de amor, de entrega solidaria y de lealtad.Es la base de nuestro movimiento pol\u00edtico desde sus mismos inicios. Aquel 17 de octubre de 1945 fue un acto de lealtad hacia Juan Domingo Per\u00f3n y as\u00ed marcamos un antes y un despu\u00e9s en la historia argentina\u201d.<\/p>\n\n\n\n<p>\u201cAnte el golpe de la Revoluci\u00f3n Fusiladora de septiembre de 1955, desde la militancia dimos origen a nuestra hist\u00f3rica Resistencia, manteniendo vivo al peronismo a pesar de las bombas, los fusilamientos, las proscripciones y las persecuciones. Nuestra militancia fue el Luche y Vuelve que hizo realidad el ansiado regreso de Per\u00f3n al pa\u00eds luego de 17 a\u00f1os, en aquel 17 de noviembre de 1972\u201d.<\/p>\n\n\n\n<p>\u201cFue la militancia la que mantuvo viva la esperanza frente a los horrores de la dictadura c\u00edvico-militar del Proceso. Fuimos vida frente a la muerte, fuimos valent\u00eda frente al miedo, somos amor frente al odio, y por ello nuestros compa\u00f1eros y compa\u00f1eras desaparecidos est\u00e1n hoy aqu\u00ed con nosotros, presentes\u201d.<\/p>\n\n\n\n<p>\u201cComo militantes fuimos a Malvinas, y como militantes recuperamos la democracia para todo el pueblo argentino. Fuimos resistencia popular frente al neoliberalismo salvaje, y fuimos brazo solidario para reconstruir al pa\u00eds sobre las cenizas de aqu\u00e9l fat\u00eddico 2001\u201d.<\/p>\n\n\n\n<p>&nbsp;\u201cDesde la militancia hicimos Presidente a N\u00e9stor, un gran militante que transform\u00f3 a la Argentina retomando la senda de la Independencia Econ\u00f3mica, la Soberan\u00eda Pol\u00edtica y la Justicia Social. Banderas que continuaron flameando con nuestra compa\u00f1era Cristina, y que hoy junto a Alberto, debemos mantenerlas muy en alto\u201d.<\/p>\n\n\n\n<p>\u201cEn los momentos m\u00e1s importantes de la historia del pa\u00eds y de nuestro movimiento, el deber de la militancia ha sido, es y ser\u00e1 defender primero a la Patria, y luego al Movimiento, por sobre todo inter\u00e9s individual\u201d.<\/p>\n\n\n\n<p>\u201cEn Formosa, conscientes de lo que somos y art\u00edfices de nuestro destino, encontramos al l\u00edder que nos conduce para hacer realidad nuestros sue\u00f1os y anhelos como pueblo, plasmados en un proyecto hist\u00f3rico que encontr\u00f3 su forma en el Modelo Formose\u00f1o\u201d.<\/p>\n\n\n\n<p>\u201cGildo Insfr\u00e1n es ese hombre, que como militante, transform\u00f3 la realidad de la provincia con equidad y justicia social. Y que asumi\u00f3 cabalmente la responsabilidad de la hora, que es proteger la vida y la salud de todos los formose\u00f1os y formose\u00f1as, frente a la mayor amenaza sanitaria que haya tenido el mundo en los \u00faltimos 100 a\u00f1os\u201d.<\/p>\n\n\n\n<p>\u201cEsta decisi\u00f3n responsable y profundamente humana no es gratuita, pues se para de frente a los sectores pol\u00edticos que en plena pandemia priorizan intereses ego\u00edstas y mezquinos, intentado debilitar las medidas sanitarias que nos protegen a todos\u201d.<\/p>\n\n\n\n<p>El documento se\u00f1ala que \u201cAtacan a Formosa y a Gildo Insfr\u00e1n porque aqu\u00ed demostramos que puede ser exitoso un modelo que no responde a los intereses de quienes se creen due\u00f1os del pa\u00eds.&nbsp; Atacan a Gildo Insfr\u00e1n y a la militancia formose\u00f1a porque somos la barrera infranqueable del peronismo en la Argentina\u201d.<\/p>\n\n\n\n<p>\u201cPorque aqu\u00ed el peronismo vive en nuestro Modelo de Provincia, en la gesti\u00f3n del compa\u00f1ero Gildo Insfr\u00e1n, y en la acci\u00f3n y el compromiso de cada militante formose\u00f1o.&nbsp; El peronismo est\u00e1 m\u00e1s vivo que nunca porque late en el coraz\u00f3n de un pueblo agradecido y esclarecido\u201d.<\/p>\n\n\n\n<p>\u201cPor eso, en este D\u00eda de la Militancia, en cada localidad formose\u00f1a, de norte a sur y de este a oeste, los militantes peronistas nos movilizamos de manera responsable, con la alegr\u00eda y la pasi\u00f3n que nos caracterizan, para defender la salud y la vida de la comunidad formose\u00f1a, y para expresar nuestro apoyo al gobierno peronista del compa\u00f1ero Alberto, a nuestro conductor el compa\u00f1ero Gildo Insfr\u00e1n, y al Modelo Formose\u00f1o que nos incluye a todos\u201d cierra.<\/p>\n\n\n\n<p><strong>En el interior<\/strong><\/p>\n\n\n\n<p>Una masiva adhesi\u00f3n a la convocatoria de militantes se dio en la segunda ciudad de la provincia, Clorinda, conformada en su mayor\u00eda por motociclistas, que recorrieron las las calles, portando carteles en apoyo al primer mandatario.<\/p>\n\n\n\n<p>\u201cEllos quisieron instalar en los medios que la gente de plata hace marchas por convicci\u00f3n, y que el pueblo lo hace por dinero. Tienen que respetar todas las decisiones, esta es una caravana de la alegr\u00eda, de acompa\u00f1amiento a nuestro gobernador\u201d se\u00f1al\u00f3 desde la localidad de Mayor Edmundo Villafa\u00f1e, Hugo Onisimchuk.<\/p>\n\n\n\n<p>Por su parte el intendente de la villa tur\u00edstica de Herradura, Ernesto Heizenreder coment\u00f3 que \u201cestamos en una caravana de much\u00edsimos autos, est\u00e1 todo Herradura presente apoyando la gesti\u00f3n de nuestro gobernador, estamos euf\u00f3ricos recorriendo las calles\u201d.<\/p>\n\n\n\n<p>Tambi\u00e9n el intendente de Ibarreta Ad\u00e1n Jarzynskicoment\u00f3 en la transmisi\u00f3n de la Red de Medios que all\u00ed la caravana estuvo conformada por 400 motos y 200 autom\u00f3viles. \u201cEs algo impresionante lo que estamos viviendo en apoyo a nuestro gobernador y sus pol\u00edticas sanitarias, mal que les pese a los canales porte\u00f1os que se dedican a atacarnos todos los d\u00edas\u201d destac\u00f3.<\/p>\n\n\n\n<p>En Colonia Pastoril, ubicada a 71 kil\u00f3metros de la ciudad de Formosa, a la caravana de autom\u00f3viles y motocicletas, se sum\u00f3 un grupo de jinetes con sus montados , para dar su apoyo al gobernador Gildo Insfr\u00e1n.<\/p>\n","protected":false},"excerpt":{"rendered":"<p>\u201cEl caravanazo\u201d en acompa\u00f1amiento del primer mandatario comenz\u00f3pasadas las 15,30 horas, recorriendo gran parte de la ciudad capital, incluyendo lugares como la Cruz del norte, la avenida presidente N\u00e9stor Kirchner, la jurisdicci\u00f3n Cinco, microcentro, Casa de Gobierno. &nbsp;En simult\u00e1neo, id\u00e9nticas manifestaciones populares se realizaron en parajes, pueblos y localidades de todo el interior provincial. Los [&hellip;]<\/p>\n","protected":false},"author":11,"featured_media":50258,"comment_status":"closed","ping_status":"closed","sticky":false,"template":"","format":"standard","meta":{"footnotes":""},"categories":[21],"tags":[],"class_list":["post-50255","post","type-post","status-publish","format-standard","has-post-thumbnail","hentry","category-provinciales"],"_links":{"self":[{"href":"http:\/\/informeformosa.com.ar\/index.php?rest_route=\/wp\/v2\/posts\/50255","targetHints":{"allow":["GET"]}}],"collection":[{"href":"http:\/\/informeformosa.com.ar\/index.php?rest_route=\/wp\/v2\/posts"}],"about":[{"href":"http:\/\/informeformosa.com.ar\/index.php?rest_route=\/wp\/v2\/types\/post"}],"author":[{"embeddable":true,"href":"http:\/\/informeformosa.com.ar\/index.php?rest_route=\/wp\/v2\/users\/11"}],"replies":[{"embeddable":true,"href":"http:\/\/informeformosa.com.ar\/index.php?rest_route=%2Fwp%2Fv2%2Fcomments&post=50255"}],"version-history":[{"count":1,"href":"http:\/\/informeformosa.com.ar\/index.php?rest_route=\/wp\/v2\/posts\/50255\/revisions"}],"predecessor-version":[{"id":50259,"href":"http:\/\/informeformosa.com.ar\/index.php?rest_route=\/wp\/v2\/posts\/50255\/revisions\/50259"}],"wp:featuredmedia":[{"embeddable":true,"href":"http:\/\/informeformosa.com.ar\/index.php?rest_route=\/wp\/v2\/media\/50258"}],"wp:attachment":[{"href":"http:\/\/informeformosa.com.ar\/index.php?rest_route=%2Fwp%2Fv2%2Fmedia&parent=50255"}],"wp:term":[{"taxonomy":"category","embeddable":true,"href":"http:\/\/informeformosa.com.ar\/index.php?rest_route=%2Fwp%2Fv2%2Fcategories&post=50255"},{"taxonomy":"post_tag","embeddable":true,"href":"http:\/\/informeformosa.com.ar\/index.php?rest_route=%2Fwp%2Fv2%2Ftags&post=50255"}],"curies":[{"name":"wp","href":"https:\/\/api.w.org\/{rel}","templated":true}]}}