{"id":50245,"date":"2020-11-17T23:22:35","date_gmt":"2020-11-18T02:22:35","guid":{"rendered":"http:\/\/informeformosa.com.ar\/?p=50245"},"modified":"2020-11-17T23:22:38","modified_gmt":"2020-11-18T02:22:38","slug":"el-vicegobernador-eber-solis-presidio-el-acto-por-el-60o-aniversario-de-la-policia","status":"publish","type":"post","link":"http:\/\/informeformosa.com.ar\/?p=50245","title":{"rendered":"El vicegobernador Eber Sol\u00eds presidi\u00f3  el acto por el 60\u00ba aniversario de la Polic\u00eda"},"content":{"rendered":"\n<p>En la ma\u00f1ana de este martes 17, se realiz\u00f3 el acto por el 60\u00ba aniversario de la Polic\u00eda de la provincia de Formosa, en frente del edificio de la Jefatura ubicado sobre la calle Saavedra al 325 en la ciudad de Formosa. La ceremonia cumpli\u00f3 con las medidas de distanciamiento social y uso obligatorio del barbijo por el contexto de pandemia de COVID-19.<\/p>\n\n\n\n<p>En ese contexto, presidi\u00f3 el acto el vicegobernador de la provincia, Dr. Eber Wilson Sol\u00eds; acompa\u00f1ado por el ministro de Gobierno, Seguridad, Justicia y Trabajo, Dr. Jorge Abel Gonz\u00e1lez; la presencia especial del subsecretario de Intervenci\u00f3n Federal del Ministerio de Seguridad de la Naci\u00f3n, Dr. Luis Morales; el jefe de la Polic\u00eda, comisario general Walter Ren\u00e9 Arroyo; el subjefe de Polic\u00eda, el comisario general Cirilo Bobadilla.<\/p>\n\n\n\n<p>Adem\u00e1s, el subsecretario de Lucha contra el Narcocrimen, comisario general retirado Juan Bernab\u00e9 Escobar; comisarios generales e integrantes de la Plana Mayor; y de manera virtual acompa\u00f1aron el acto los jefes responsables de las Unidades regionales II, III, IV, V, VI Y VII de toda la provincia.<\/p>\n\n\n\n<p>El gobernador de la provincia, Dr. Gildo Insfr\u00e1n, a trav\u00e9s de una nota dirigida al jefe de la Polic\u00eda hizo llegar su saludo especial a todo el personal que integra la fuerza de seguridad por el nuevo aniversario de la creaci\u00f3n de la instituci\u00f3n fechada el 17 de noviembre de 1960.<\/p>\n\n\n\n<p>Durante el acto se rindi\u00f3 un minuto de silencio en homenaje a la memoria de los polic\u00edas fallecidos en cumplimiento del deber.<\/p>\n\n\n\n<p><strong>Destacan el permanente<\/strong><\/p>\n\n\n\n<p><strong>apoyo del Gobernador<\/strong><\/p>\n\n\n\n<p>Al hacer uso de la palabra, el jefe de la Polic\u00eda Walter Ren\u00e9 Arroyo, comenz\u00f3 diciendo que \u201cseguramente en \u00e9pocas normales hubi\u00e9semos tenido un marco totalmente diferente con la presencia de muchos m\u00e1s polic\u00edas en actividad, retirados, con el acompa\u00f1amiento de las familias y de la comunidad y por supuesto de nuestro comandante general el gobernador Insfr\u00e1n\u201d, pero que ante la realidad de la pandemia de COVID-19, los uniformes de galas y equipos de desfiles \u201cdeber\u00e1n esperar mejores oportunidades\u201d.<\/p>\n\n\n\n<p>En este 60\u00ba aniversario, consider\u00f3 oportuno recordar a la comunidad en que el personal policial, adem\u00e1s de la lucha diaria contra el coronavirus, tambi\u00e9n contin\u00faa cumpliendo con la tarea espec\u00edfica de brindar seguridad ciudadana. \u201cSeguimos combatiendo el narcomenudeo, el delito en sus distintas formas y a todas las tareas que el personal est\u00e1 acostumbrado a realizar\u201d, explic\u00f3.<\/p>\n\n\n\n<p>\u201cEstas tareas est\u00e1n sustentadas en una pol\u00edtica de seguridad a largo plazo, pensada y planificada en beneficio del hombre de carne y hueso\u201d, acentu\u00f3, marcando que para ello \u201cse necesita de polic\u00edas competentes, bien preparados, con un alto nivel de compromiso con la instituci\u00f3n y para servir a la comunidad\u201d.<\/p>\n\n\n\n<p>As\u00ed como tambi\u00e9n de una organizaci\u00f3n institucional que respalde el trabajo diario y \u201ctodo eso est\u00e1 contenido en el Modelo Formose\u00f1o\u201d, resalt\u00f3 el funcionario policial, agradeciendo el apoyo permanente del comandante natural de la fuerza, el gobernador Gildo Insfr\u00e1n, a todo el personal, a trav\u00e9s de mensajes que \u201cayudan a sostener la fortaleza operativa para superar las dificultades diarias y tambi\u00e9n por el compromiso demostrado para que todos los polic\u00edas contemos con los recursos para que cumplir con nuestra funci\u00f3n\u201d.<\/p>\n\n\n\n<p><strong>La Polic\u00eda en la primera l\u00ednea<\/strong><\/p>\n\n\n\n<p><strong>de batalla ante el COVID-19<\/strong><\/p>\n\n\n\n<p>A su turno, el ministro de Gobierno, Seguridad, Justicia y Trabajo, Dr. Jorge Abel Gonz\u00e1lez, en su discurso coincidi\u00f3 con Arroyo en se\u00f1alar que este 60\u00ba aniversario \u201ctodos lo hubi\u00e9ramos pensando de una manera distinta, pero lo hemos visto transformado en una fecha igualmente significativa, que no cambi\u00f3 el contenido, solamente su forma\u201d aludiendo a la situaci\u00f3n de la emergencia sanitaria que impone restricciones para el cuidado de la salud y la vida.<\/p>\n\n\n\n<p>\u201cPor ello, hoy formamos a distancia social y con la debida protecci\u00f3n del barbijo, pero existe el mismo compromiso, y quiz\u00e1s m\u00e1s porque en esta oportunidad a quien tenemos el deber de combatir junto a la comunidad, es un enemigo invisible\u201d, subray\u00f3 el funcionario provincial.<\/p>\n\n\n\n<p>Por eso, enfatiz\u00f3 que \u201cen una concepci\u00f3n de comunidad organizada en donde se piensa la seguridad como un todo vinculado sistem\u00e1tica y sist\u00e9micamente al resto de las pol\u00edticas p\u00fablicas del Estado, la Polic\u00eda est\u00e1 presente desde el primer momento en este nuevo escenario de la pandemia que asola al mundo\u201d.<\/p>\n","protected":false},"excerpt":{"rendered":"<p>En la ma\u00f1ana de este martes 17, se realiz\u00f3 el acto por el 60\u00ba aniversario de la Polic\u00eda de la provincia de Formosa, en frente del edificio de la Jefatura ubicado sobre la calle Saavedra al 325 en la ciudad de Formosa. La ceremonia cumpli\u00f3 con las medidas de distanciamiento social y uso obligatorio del [&hellip;]<\/p>\n","protected":false},"author":11,"featured_media":50251,"comment_status":"closed","ping_status":"closed","sticky":false,"template":"","format":"standard","meta":{"footnotes":""},"categories":[2],"tags":[],"class_list":["post-50245","post","type-post","status-publish","format-standard","has-post-thumbnail","hentry","category-locales"],"_links":{"self":[{"href":"http:\/\/informeformosa.com.ar\/index.php?rest_route=\/wp\/v2\/posts\/50245","targetHints":{"allow":["GET"]}}],"collection":[{"href":"http:\/\/informeformosa.com.ar\/index.php?rest_route=\/wp\/v2\/posts"}],"about":[{"href":"http:\/\/informeformosa.com.ar\/index.php?rest_route=\/wp\/v2\/types\/post"}],"author":[{"embeddable":true,"href":"http:\/\/informeformosa.com.ar\/index.php?rest_route=\/wp\/v2\/users\/11"}],"replies":[{"embeddable":true,"href":"http:\/\/informeformosa.com.ar\/index.php?rest_route=%2Fwp%2Fv2%2Fcomments&post=50245"}],"version-history":[{"count":1,"href":"http:\/\/informeformosa.com.ar\/index.php?rest_route=\/wp\/v2\/posts\/50245\/revisions"}],"predecessor-version":[{"id":50252,"href":"http:\/\/informeformosa.com.ar\/index.php?rest_route=\/wp\/v2\/posts\/50245\/revisions\/50252"}],"wp:featuredmedia":[{"embeddable":true,"href":"http:\/\/informeformosa.com.ar\/index.php?rest_route=\/wp\/v2\/media\/50251"}],"wp:attachment":[{"href":"http:\/\/informeformosa.com.ar\/index.php?rest_route=%2Fwp%2Fv2%2Fmedia&parent=50245"}],"wp:term":[{"taxonomy":"category","embeddable":true,"href":"http:\/\/informeformosa.com.ar\/index.php?rest_route=%2Fwp%2Fv2%2Fcategories&post=50245"},{"taxonomy":"post_tag","embeddable":true,"href":"http:\/\/informeformosa.com.ar\/index.php?rest_route=%2Fwp%2Fv2%2Ftags&post=50245"}],"curies":[{"name":"wp","href":"https:\/\/api.w.org\/{rel}","templated":true}]}}