{"id":50244,"date":"2020-11-17T23:23:10","date_gmt":"2020-11-18T02:23:10","guid":{"rendered":"http:\/\/informeformosa.com.ar\/?p=50244"},"modified":"2020-11-17T23:23:13","modified_gmt":"2020-11-18T02:23:13","slug":"el-gobernador-insfran-saludo-a-la-policia-de-formosa-en-su-60o-aniversario","status":"publish","type":"post","link":"http:\/\/informeformosa.com.ar\/?p=50244","title":{"rendered":"El gobernador Insfr\u00e1n salud\u00f3 a la Polic\u00eda de Formosa en su 60\u00ba aniversario"},"content":{"rendered":"\n<p>Al conmemorarse los 60 a\u00f1os de la creaci\u00f3n de la Polic\u00eda de Formosa, el gobernador Gildo Insfr\u00e1n salud\u00f3 a todo el personal policial que \u201cha velado y sigue velando por la seguridad de la comunidad formose\u00f1a desde los inicios de la instituci\u00f3n\u201d.<\/p>\n\n\n\n<p>\u201cSu compromiso, vocaci\u00f3n de servicio y amor por Formosa adquirieron una nueva dimensi\u00f3n en esta gesta de los formose\u00f1os frente a la pandemia del COVID-19\u201d, destac\u00f3 el primer mandatario provincial en sus redes sociales.<\/p>\n\n\n\n<p>En ese sentido, hizo notar que \u201clos hombres y mujeres de la fuerza constituyen nuestra primera barrera de protecci\u00f3n al afianzar las medidas dispuestas para resguardar la vida y la salud de todos\u201d.<\/p>\n\n\n\n<p>\u201cEl pueblo y el Gobierno de Formosa les agradecen por su compromiso, valor y amor por esta tierra y su gente\u201d, subray\u00f3 por \u00faltimo.<\/p>\n","protected":false},"excerpt":{"rendered":"<p>Al conmemorarse los 60 a\u00f1os de la creaci\u00f3n de la Polic\u00eda de Formosa, el gobernador Gildo Insfr\u00e1n salud\u00f3 a todo el personal policial que \u201cha velado y sigue velando por la seguridad de la comunidad formose\u00f1a desde los inicios de la instituci\u00f3n\u201d. \u201cSu compromiso, vocaci\u00f3n de servicio y amor por Formosa adquirieron una nueva dimensi\u00f3n [&hellip;]<\/p>\n","protected":false},"author":11,"featured_media":50250,"comment_status":"closed","ping_status":"closed","sticky":false,"template":"","format":"standard","meta":{"footnotes":""},"categories":[21],"tags":[],"class_list":["post-50244","post","type-post","status-publish","format-standard","has-post-thumbnail","hentry","category-provinciales"],"_links":{"self":[{"href":"http:\/\/informeformosa.com.ar\/index.php?rest_route=\/wp\/v2\/posts\/50244","targetHints":{"allow":["GET"]}}],"collection":[{"href":"http:\/\/informeformosa.com.ar\/index.php?rest_route=\/wp\/v2\/posts"}],"about":[{"href":"http:\/\/informeformosa.com.ar\/index.php?rest_route=\/wp\/v2\/types\/post"}],"author":[{"embeddable":true,"href":"http:\/\/informeformosa.com.ar\/index.php?rest_route=\/wp\/v2\/users\/11"}],"replies":[{"embeddable":true,"href":"http:\/\/informeformosa.com.ar\/index.php?rest_route=%2Fwp%2Fv2%2Fcomments&post=50244"}],"version-history":[{"count":1,"href":"http:\/\/informeformosa.com.ar\/index.php?rest_route=\/wp\/v2\/posts\/50244\/revisions"}],"predecessor-version":[{"id":50253,"href":"http:\/\/informeformosa.com.ar\/index.php?rest_route=\/wp\/v2\/posts\/50244\/revisions\/50253"}],"wp:featuredmedia":[{"embeddable":true,"href":"http:\/\/informeformosa.com.ar\/index.php?rest_route=\/wp\/v2\/media\/50250"}],"wp:attachment":[{"href":"http:\/\/informeformosa.com.ar\/index.php?rest_route=%2Fwp%2Fv2%2Fmedia&parent=50244"}],"wp:term":[{"taxonomy":"category","embeddable":true,"href":"http:\/\/informeformosa.com.ar\/index.php?rest_route=%2Fwp%2Fv2%2Fcategories&post=50244"},{"taxonomy":"post_tag","embeddable":true,"href":"http:\/\/informeformosa.com.ar\/index.php?rest_route=%2Fwp%2Fv2%2Ftags&post=50244"}],"curies":[{"name":"wp","href":"https:\/\/api.w.org\/{rel}","templated":true}]}}