{"id":50243,"date":"2020-11-17T23:20:52","date_gmt":"2020-11-18T02:20:52","guid":{"rendered":"http:\/\/informeformosa.com.ar\/?p=50243"},"modified":"2020-11-17T23:20:55","modified_gmt":"2020-11-18T02:20:55","slug":"acompanamos-las-politicas-sanitarias-de-insfran-en-base-a-la-situacion-epidemiologica-de-formosa","status":"publish","type":"post","link":"http:\/\/informeformosa.com.ar\/?p=50243","title":{"rendered":"\u201cAcompa\u00f1amos las pol\u00edticas sanitarias de Insfr\u00e1n en base a la situaci\u00f3n epidemiol\u00f3gica de Formosa\u201d"},"content":{"rendered":"\n<p>El dirigente Miguel Insfr\u00e1n, referente de IgualAr Formosa manifest\u00f3 su apoyo a las pol\u00edticas sanitarias del gobernador Gildo Insfr\u00e1n, en la provincia de Formosa, respecto del Coronavirus.<\/p>\n\n\n\n<p>&nbsp;\u201cQueremos manifestar nuestro apoyo incondicional a las medidas sanitarias adoptadas por el Gobierno en base a la situaci\u00f3n epidemiol\u00f3gica que atraviesa la provincia con el objetivo de resguardar la salud de la poblaci\u00f3n y en ella el de cada uno de los formose\u00f1os. Del mismo modo, repudiamos en\u00e9rgicamente los ataques medi\u00e1ticos y judiciales contra estas pol\u00edticas\u201d se\u00f1ala un comunicado del espacio pol\u00edtico.<\/p>\n\n\n\n<p>Porque \u201cestamos convencidos y esclarecidos que la \u00fanica manera de aplacar la transmisi\u00f3n del COVID-19 es tomando los cuidados que nos recomiendan los especialistas de la salud las cuales van acompa\u00f1adas de medidas de prevenci\u00f3n como el lavado de manos, distanciamiento y uso del barbijo para el cuidado de cada ser humano\u201d.<\/p>\n\n\n\n<p>Por otra parte: \u201cY en relaci\u00f3n a las operaciones medi\u00e1ticas y judiciales generadas desde la oposici\u00f3n que son de p\u00fablico conocimiento las cuales se repiten d\u00eda tras d\u00eda desde la capital federal y esta ciudad, apelamos simplemente a la prudencia y raz\u00f3n\u201d.<\/p>\n\n\n\n<p>Ya que: \u201cDesde un principio, este gobierno llam\u00f3 a la responsabilidad individual y colectiva en cuanto a la toma de todos los recaudos necesarios para combatir a este virus que azota el mundo y hoy lo envuelve en una segunda ola de rebrotes el cual tampoco hace miramientos de color, raza, religiosidad o ideolog\u00eda, ya que solo basta que seamos seres humanos para afectarnos\u201d.<\/p>\n\n\n\n<p>A su vez, \u201ceste Gobierno nunca ha perdido la noci\u00f3n que la situaci\u00f3n econ\u00f3mica contin\u00faa siendo dif\u00edcil y compleja como consecuencia de otras pol\u00edticas que llevaron al pa\u00eds a un lugar complicado y con deudas por el que hoy es atacado y que a pesar de ello y con el esfuerzo de todos y todas busca ponerse nuevamente de pie\u201d.<\/p>\n\n\n\n<p>Es por ello que, \u201cdesde <strong>IgualAr Formosa<\/strong> continuaremos respaldando al gobierno Nacional y Provincial, apoyaremos al gobernador Gildo Insfr\u00e1n y todas sus medidas, al tiempo que defenderemos como \u00e9l las pol\u00edticas que apuestan a la vida mientras trabajamos por el desarrollo de cada formose\u00f1o, viva d\u00f3nde viva.<\/p>\n\n\n\n<p>Para finalizar, \u201caquellos que integramos este espacio pol\u00edtico reiteraremos que estamos convencidos que de esta salimos todos juntos, porque aqu\u00ed, nadie se salva solo, y por el momento, hasta que llegue una vacuna, la \u00fanica y efectiva soluci\u00f3n seguir\u00e1 siendo el aislamiento social, el lavado de mano, el uso del barbijo junto al cuidado de nuestros mayores y personas con comorbilidades.<\/p>\n","protected":false},"excerpt":{"rendered":"<p>El dirigente Miguel Insfr\u00e1n, referente de IgualAr Formosa manifest\u00f3 su apoyo a las pol\u00edticas sanitarias del gobernador Gildo Insfr\u00e1n, en la provincia de Formosa, respecto del Coronavirus. &nbsp;\u201cQueremos manifestar nuestro apoyo incondicional a las medidas sanitarias adoptadas por el Gobierno en base a la situaci\u00f3n epidemiol\u00f3gica que atraviesa la provincia con el objetivo de resguardar [&hellip;]<\/p>\n","protected":false},"author":11,"featured_media":50248,"comment_status":"closed","ping_status":"closed","sticky":false,"template":"","format":"standard","meta":{"footnotes":""},"categories":[2],"tags":[],"class_list":["post-50243","post","type-post","status-publish","format-standard","has-post-thumbnail","hentry","category-locales"],"_links":{"self":[{"href":"http:\/\/informeformosa.com.ar\/index.php?rest_route=\/wp\/v2\/posts\/50243","targetHints":{"allow":["GET"]}}],"collection":[{"href":"http:\/\/informeformosa.com.ar\/index.php?rest_route=\/wp\/v2\/posts"}],"about":[{"href":"http:\/\/informeformosa.com.ar\/index.php?rest_route=\/wp\/v2\/types\/post"}],"author":[{"embeddable":true,"href":"http:\/\/informeformosa.com.ar\/index.php?rest_route=\/wp\/v2\/users\/11"}],"replies":[{"embeddable":true,"href":"http:\/\/informeformosa.com.ar\/index.php?rest_route=%2Fwp%2Fv2%2Fcomments&post=50243"}],"version-history":[{"count":1,"href":"http:\/\/informeformosa.com.ar\/index.php?rest_route=\/wp\/v2\/posts\/50243\/revisions"}],"predecessor-version":[{"id":50249,"href":"http:\/\/informeformosa.com.ar\/index.php?rest_route=\/wp\/v2\/posts\/50243\/revisions\/50249"}],"wp:featuredmedia":[{"embeddable":true,"href":"http:\/\/informeformosa.com.ar\/index.php?rest_route=\/wp\/v2\/media\/50248"}],"wp:attachment":[{"href":"http:\/\/informeformosa.com.ar\/index.php?rest_route=%2Fwp%2Fv2%2Fmedia&parent=50243"}],"wp:term":[{"taxonomy":"category","embeddable":true,"href":"http:\/\/informeformosa.com.ar\/index.php?rest_route=%2Fwp%2Fv2%2Fcategories&post=50243"},{"taxonomy":"post_tag","embeddable":true,"href":"http:\/\/informeformosa.com.ar\/index.php?rest_route=%2Fwp%2Fv2%2Ftags&post=50243"}],"curies":[{"name":"wp","href":"https:\/\/api.w.org\/{rel}","templated":true}]}}