{"id":50242,"date":"2020-11-17T23:19:36","date_gmt":"2020-11-18T02:19:36","guid":{"rendered":"http:\/\/informeformosa.com.ar\/?p=50242"},"modified":"2020-11-17T23:19:39","modified_gmt":"2020-11-18T02:19:39","slug":"sin-nuevos-casos-positivos-a-coronavirus-ya-son-158-las-personas-recuperadas","status":"publish","type":"post","link":"http:\/\/informeformosa.com.ar\/?p=50242","title":{"rendered":"Sin nuevos casos positivos a coronavirus,  ya son 158 las personas recuperadas"},"content":{"rendered":"\n<p>Asimismo, se dio de alta m\u00e9dica del Hospital Interdistrital de Contingencia a una ni\u00f1a de 2 a\u00f1os de edad, quien cumpli\u00f3 el periodo cl\u00ednico de la infecci\u00f3n y obtuvo dos resultados negativos consecutivos de PCR con tres d\u00edas de diferencia, por lo que no constituye riesgo alguno para sus familiares ni para la comunidad.<\/p>\n\n\n\n<p>En este contexto, los datos acumulados de la provincia al d\u00eda de hoy son los siguientes: total diagnosticados, 195; total recuperados, 158; casos activos, 16; fallecimientos por coronavirus, 1; casos en tr\u00e1nsito con egreso de la provincia, 20; cantidad de test realizados a la fecha, 23.096 con el 0,84% de positividad.<\/p>\n\n\n\n<p>Con relaci\u00f3n al bloqueo sanitario vigente en la ciudad de Clorinda, los casos positivos diagnosticados se mantienen en 49, y los casos activos son 6.&nbsp; A la vez, 36 personas se encuentran realizando cuarentena en la localidad.<\/p>\n\n\n\n<p><a><strong>Tarea preventiva<\/strong><\/a><\/p>\n\n\n\n<p>En este marco, y en lo que respecta a la tarea preventiva que realiza la Polic\u00eda en todo el territorio, se inform\u00f3 que en las \u00faltimas 24 horas ingresaron 594 camiones de carga, se control\u00f3 a 10.718 personas en la v\u00eda p\u00fablica y a 7.320 veh\u00edculos; se labraron 156 infracciones a veh\u00edculos por restricci\u00f3n de circulaci\u00f3n y patente y a 517 personas por restricci\u00f3n de circulaci\u00f3n y no uso de barbijo. Un ingreso irregular judicializado.<\/p>\n\n\n\n<p>Lucha contra el dengue<\/p>\n\n\n\n<p>Este mi\u00e9rcoles 18 de noviembre se realizar\u00e1n tareas preventivas de control de focos y tratamiento con larvicida en los barrios Centro de Ing. Ju\u00e1rez, San Blas de Laguna Blanca, La Paz de Las Lomitas, Centro de Villa 213, centro de El Colorado, Villa del Carmen de Piran\u00e9 y barrios San Pedro, Evita y San Isidro de Formosa capital.&nbsp;<\/p>\n\n\n\n<p>Las tareas de descacharrizado se realizar\u00e1n en el barrio El Palomar en conjunto con el municipio capitalino y en el barrio Evita en conjunto con Vialidad Provincial. Actualmente se han notificado 2 casos activos en la provincia.<\/p>\n\n\n\n<p>D\u00eda de la Militancia<\/p>\n\n\n\n<p>Por otra parte, el Consejo COVID, record\u00f3 que este 17 de noviembre se cumple un nuevo aniversario del regreso a la Argentina del General Juan Domingo Per\u00f3n; y valor\u00f3 que \u201cluego de 17 a\u00f1os en que hombres y mujeres peronistas del pa\u00eds, aun siendo mayor\u00eda popular, fueran perseguidos, proscriptos, hostigados y, muchos de ellos, asesinados. La militancia de estos hombres y mujeres mantuvo la llama encendida de un pa\u00eds mejor, de una Argentina m\u00e1s justa, libre y soberana, y demostr\u00f3 que con unidad, organizaci\u00f3n y solidaridad prevalecen las causas nobles y se superan todas las adversidades\u201d.<\/p>\n\n\n\n<p>Por lo que \u201cen este momento nuestra principal causa es la lucha frente a la pandemia letal del COVID-19. Estamos todos convocados a seguir siendo protagonistas y militantes de la salud y la vida de los formose\u00f1os\u201d.<\/p>\n\n\n\n<p>Sobre el final, se salud\u00f3 a la Polic\u00eda de Formosa en su aniversario: \u201cEn esta batalla frente al virus nuestra primera l\u00ednea de defensa son los hombres y mujeres de la Polic\u00eda de la Provincia que afianzan el cumplimiento de las medidas sanitarias que nos protegen a todos. En el aniversario 60\u00ba de su creaci\u00f3n, vaya nuestro saludo y reconocimiento a todo el personal policial por su compromiso, vocaci\u00f3n de servicio y amor por Formosa\u201d.<\/p>\n","protected":false},"excerpt":{"rendered":"<p>Asimismo, se dio de alta m\u00e9dica del Hospital Interdistrital de Contingencia a una ni\u00f1a de 2 a\u00f1os de edad, quien cumpli\u00f3 el periodo cl\u00ednico de la infecci\u00f3n y obtuvo dos resultados negativos consecutivos de PCR con tres d\u00edas de diferencia, por lo que no constituye riesgo alguno para sus familiares ni para la comunidad. En [&hellip;]<\/p>\n","protected":false},"author":11,"featured_media":50246,"comment_status":"closed","ping_status":"closed","sticky":false,"template":"","format":"standard","meta":{"footnotes":""},"categories":[12],"tags":[],"class_list":["post-50242","post","type-post","status-publish","format-standard","has-post-thumbnail","hentry","category-salud"],"_links":{"self":[{"href":"http:\/\/informeformosa.com.ar\/index.php?rest_route=\/wp\/v2\/posts\/50242","targetHints":{"allow":["GET"]}}],"collection":[{"href":"http:\/\/informeformosa.com.ar\/index.php?rest_route=\/wp\/v2\/posts"}],"about":[{"href":"http:\/\/informeformosa.com.ar\/index.php?rest_route=\/wp\/v2\/types\/post"}],"author":[{"embeddable":true,"href":"http:\/\/informeformosa.com.ar\/index.php?rest_route=\/wp\/v2\/users\/11"}],"replies":[{"embeddable":true,"href":"http:\/\/informeformosa.com.ar\/index.php?rest_route=%2Fwp%2Fv2%2Fcomments&post=50242"}],"version-history":[{"count":1,"href":"http:\/\/informeformosa.com.ar\/index.php?rest_route=\/wp\/v2\/posts\/50242\/revisions"}],"predecessor-version":[{"id":50247,"href":"http:\/\/informeformosa.com.ar\/index.php?rest_route=\/wp\/v2\/posts\/50242\/revisions\/50247"}],"wp:featuredmedia":[{"embeddable":true,"href":"http:\/\/informeformosa.com.ar\/index.php?rest_route=\/wp\/v2\/media\/50246"}],"wp:attachment":[{"href":"http:\/\/informeformosa.com.ar\/index.php?rest_route=%2Fwp%2Fv2%2Fmedia&parent=50242"}],"wp:term":[{"taxonomy":"category","embeddable":true,"href":"http:\/\/informeformosa.com.ar\/index.php?rest_route=%2Fwp%2Fv2%2Fcategories&post=50242"},{"taxonomy":"post_tag","embeddable":true,"href":"http:\/\/informeformosa.com.ar\/index.php?rest_route=%2Fwp%2Fv2%2Ftags&post=50242"}],"curies":[{"name":"wp","href":"https:\/\/api.w.org\/{rel}","templated":true}]}}