{"id":50239,"date":"2020-11-16T19:52:55","date_gmt":"2020-11-16T22:52:55","guid":{"rendered":"http:\/\/informeformosa.com.ar\/?p=50239"},"modified":"2020-11-16T19:52:59","modified_gmt":"2020-11-16T22:52:59","slug":"el-justicialismo-prepara-una-caravana-historica-por-el-dia-de-la-militancia","status":"publish","type":"post","link":"http:\/\/informeformosa.com.ar\/?p=50239","title":{"rendered":"El Justicialismo prepara una \u201ccaravana  hist\u00f3rica\u201d por el D\u00eda de la Militancia"},"content":{"rendered":"\n<p>El jefe del bloque justicialista de la C\u00e1mara de Diputados, Agust\u00edn Samaniego confirm\u00f3 que este martes 17, se realizar\u00e1 una caravana de veh\u00edculos tanto en Formosa Capital, como en las distintas localidades del interior provincial, para evocar a Per\u00f3n, pero tambi\u00e9n para brindar un respaldo al gobernador Gildo Insfr\u00e1n.<\/p>\n\n\n\n<p>La fecha recuerda la vuelta al pa\u00eds, el 17 de noviembre de 1972, del general Juan Domingo Per\u00f3n y el marco popular que lo recibi\u00f3.<\/p>\n\n\n\n<p>En Capital, la marcha de veh\u00edculos se concentrar\u00e1 frente al Parque Industrial, sobre el boulevard Napole\u00f3n Uriburu desde las 15,30, durante varias horas recorrer\u00e1 diferentes sectores de la ciudad y culminar\u00e1 frente a la estatua de Per\u00f3n ubicada en Fontana y Avenida 25 de Mayo, a las 18,30 horas, donde se leer\u00e1 un documento, un manifiesto del militante justicialista.<\/p>\n\n\n\n<p>\u201cLa tradicional reuni\u00f3n del gobernador con los militantes no se puede realizar por una cuesti\u00f3n de protocolo en este momento dif\u00edcil que vivimos , pero se est\u00e1 organizando en toda la provincia, pueblos y parajes, caravanas que saldr\u00e1n a la misma hora. Ser\u00e1 una caravana hist\u00f3rica, la m\u00e1s multitudinaria de la historia de nuestra provincia, porque estamos convencidos de que la militancia justicialista y todo el pueblo debe manifestarse con alegr\u00eda y defender lo que estamos haciendo\u201d expres\u00f3 Samaniego en di\u00e1logo con Agenfor.<\/p>\n\n\n\n<p>Dijo que se tratar\u00e1 de un \u201cej\u00e9rcito de peronistas\u201d que ganar\u00e1 las calles para defender el Modelo formose\u00f1o y sus pol\u00edticas acertadas, pero tambi\u00e9n para&nbsp; reconocer el esfuerzo que todo el pueblo realiz\u00f3 durante la pandemia por Coronavirus.<\/p>\n\n\n\n<p>\u201c A pesar de estos resultados tan exitosos, estamos siendo objeto de cr\u00edticas, agresiones, ofensas por parte de medios de comunicaci\u00f3n nacional, opositores y desafortunadamente por parte de algunos comprovincianos\u201d record\u00f3 el legislador.<\/p>\n\n\n\n<p>Dijo Samaniego que luego de recorrer gran parte de la ciudad, la caravana se detendr\u00e1 frente al busto de Per\u00f3n, y un orador leer\u00e1 el manifiesto justicialista, que expresa \u201cprimero la doctrina justicialista que a\u00fan hoy sigue estando m\u00e1s vigente que nunca, un apoyo al gobierno de Alberto y Cristina Fern\u00e1ndez, a las acciones del Modelo, y por supuesto un apoyo irrestricto al conductor de este proceso, el gobernador Gildo Insfr\u00e1n\u201d.<\/p>\n\n\n\n<p>Record\u00f3 que el gobernador fue blanco de ataque por parte de la prensa porte\u00f1a, y de sectores de poder que no entienden los resultados que obtuvo Formosa en t\u00e9rminos de la pandemia 2019.<\/p>\n\n\n\n<p>Al referirse a las cr\u00edticas que ya recibi\u00f3 esta propuesta, dijo que \u201cToda marcha popular, del pueblo, que tenga la diversidad de personas, en moto, autos, camionetas, camiones, ser\u00e1 criticada. Queremos dejar bien en claro, que vimos manifestaciones de la oposici\u00f3n, que est\u00e1n en contra de las medidas sanitarias, que dejan traslucir odio y mezquindad. Son visitados por pol\u00edticos con consignas muy lindas como la libertad, pero detr\u00e1s de eso hab\u00eda intereses mezquinos y partidarios\u201d asegur\u00f3.<\/p>\n\n\n\n<p>Por ello prometi\u00f3 Samaniego que \u201cNuestra caravana hist\u00f3rica, ser\u00e1 de la alegr\u00eda, optimismo, fe, esperanza, sin agredir a nadie, no es en contra de ning\u00fan formose\u00f1o, va a intentar manifestar solamente nuestro apoyo, en favor del Modelo formose\u00f1o y de la figura de nuestro gobernador\u201d.<\/p>\n","protected":false},"excerpt":{"rendered":"<p>El jefe del bloque justicialista de la C\u00e1mara de Diputados, Agust\u00edn Samaniego confirm\u00f3 que este martes 17, se realizar\u00e1 una caravana de veh\u00edculos tanto en Formosa Capital, como en las distintas localidades del interior provincial, para evocar a Per\u00f3n, pero tambi\u00e9n para brindar un respaldo al gobernador Gildo Insfr\u00e1n. La fecha recuerda la vuelta al [&hellip;]<\/p>\n","protected":false},"author":11,"featured_media":50240,"comment_status":"closed","ping_status":"closed","sticky":false,"template":"","format":"standard","meta":{"footnotes":""},"categories":[21],"tags":[],"class_list":["post-50239","post","type-post","status-publish","format-standard","has-post-thumbnail","hentry","category-provinciales"],"_links":{"self":[{"href":"http:\/\/informeformosa.com.ar\/index.php?rest_route=\/wp\/v2\/posts\/50239","targetHints":{"allow":["GET"]}}],"collection":[{"href":"http:\/\/informeformosa.com.ar\/index.php?rest_route=\/wp\/v2\/posts"}],"about":[{"href":"http:\/\/informeformosa.com.ar\/index.php?rest_route=\/wp\/v2\/types\/post"}],"author":[{"embeddable":true,"href":"http:\/\/informeformosa.com.ar\/index.php?rest_route=\/wp\/v2\/users\/11"}],"replies":[{"embeddable":true,"href":"http:\/\/informeformosa.com.ar\/index.php?rest_route=%2Fwp%2Fv2%2Fcomments&post=50239"}],"version-history":[{"count":1,"href":"http:\/\/informeformosa.com.ar\/index.php?rest_route=\/wp\/v2\/posts\/50239\/revisions"}],"predecessor-version":[{"id":50241,"href":"http:\/\/informeformosa.com.ar\/index.php?rest_route=\/wp\/v2\/posts\/50239\/revisions\/50241"}],"wp:featuredmedia":[{"embeddable":true,"href":"http:\/\/informeformosa.com.ar\/index.php?rest_route=\/wp\/v2\/media\/50240"}],"wp:attachment":[{"href":"http:\/\/informeformosa.com.ar\/index.php?rest_route=%2Fwp%2Fv2%2Fmedia&parent=50239"}],"wp:term":[{"taxonomy":"category","embeddable":true,"href":"http:\/\/informeformosa.com.ar\/index.php?rest_route=%2Fwp%2Fv2%2Fcategories&post=50239"},{"taxonomy":"post_tag","embeddable":true,"href":"http:\/\/informeformosa.com.ar\/index.php?rest_route=%2Fwp%2Fv2%2Ftags&post=50239"}],"curies":[{"name":"wp","href":"https:\/\/api.w.org\/{rel}","templated":true}]}}