{"id":50218,"date":"2020-11-16T19:45:14","date_gmt":"2020-11-16T22:45:14","guid":{"rendered":"http:\/\/informeformosa.com.ar\/?p=50218"},"modified":"2020-11-16T19:45:18","modified_gmt":"2020-11-16T22:45:18","slug":"refsa-continua-los-trabajos-en-las-zonas-rurales-por-los-inconvenientes-ocasionados-por-la-tormenta-del-sabado","status":"publish","type":"post","link":"http:\/\/informeformosa.com.ar\/?p=50218","title":{"rendered":"REFSA contin\u00faa los trabajos en las zonas rurales por los inconvenientes ocasionados por la tormenta del s\u00e1bado"},"content":{"rendered":"\n<p>El gerente general de la empresa REFSA Electricidad, Ingeniero Benjam\u00edn Villalba, dialog\u00f3 con <strong>AGENFOR<\/strong> y brind\u00f3 detalles acerca de los trabajos que realizaron durante el fin de semana, en el marco de los inconvenientes ocasionados por las inclemencias clim\u00e1ticas; y los que a\u00fan contin\u00faan en el interior de la provincia.<\/p>\n\n\n\n<p>En primer lugar record\u00f3 que el s\u00e1bado entre las 13 y las 13:50 horas, se qued\u00f3 sin servicio de energ\u00eda el\u00e9ctrica toda la provincia a ra\u00edz de una sobretensi\u00f3n que se registr\u00f3 en la estaci\u00f3n transformadora Gran Formosa, que est\u00e1 sobre la ruta 11 casi ruta 81, de 500 KV.<\/p>\n\n\n\n<p>\u201cHubo una mala maniobra de origen externo que transmiti\u00f3 en esa l\u00ednea una sobretensi\u00f3n. En la estaci\u00f3n gran Formosa, donde tenemos los dos transformadores de potencia de 500 mil volteos y 300 millones de vatios cada uno, actuaron las protecciones y se liber\u00f3 la estaci\u00f3n transformadora dejando sin servicio a toda la provincia\u201d, explic\u00f3.<\/p>\n\n\n\n<p>En ese marco, desde REFSA solicitaron los informes a la empresa TRANSENER, que es la responsable del mantenimiento y operaci\u00f3n de la estaci\u00f3n transformadora.<\/p>\n\n\n\n<p>\u201cEntonces REFSA empez\u00f3 a trabajar, a energizar todos los pueblos, desde Formosa Capital a todas las localidades. En el lapso de 40 a 60 minutos ten\u00edan energ\u00eda el\u00e9ctrica\u201d, confirm\u00f3 Villalba.<\/p>\n\n\n\n<p>Y aclar\u00f3: \u201cEs un percance que tenemos porque la cadena de responsabilidad siempre es generaci\u00f3n, transporte y distribuci\u00f3n, nosotros tenemos que distribuir la energ\u00eda que nos llega a Formosa, pero las responsabilidades son compartidas. Muchas veces la gente dice que REFSA nos cort\u00f3 la luz, pero detr\u00e1s de nosotros hay una cadena de responsabilidades importantes para que llegue la energ\u00eda en cada hogar\u201d.<\/p>\n\n\n\n<p>En ese caso, el servicio de energ\u00eda el\u00e9ctrica se restableci\u00f3 de manera r\u00e1pida y no hubo ninguna estructura da\u00f1ada, asever\u00f3 el gerente de la empresa estatal.<\/p>\n\n\n\n<p><strong>Tormenta<\/strong><\/p>\n\n\n\n<p>Pero ese mismo d\u00eda, por la noche, se desat\u00f3 una tormenta que azot\u00f3, sobre todo, a Chaco y Corrientes, pero que tambi\u00e9n lleg\u00f3 a Formosa con una \u201ccorredera de viento muy importante\u201d, lo que gener\u00f3 que varios \u00e1rboles se destronquen y caigan sobre las l\u00edneas del tendido el\u00e9ctrico.<\/p>\n\n\n\n<p>\u201cSe trabaj\u00f3 toda la noche sin parar, yo siempre hago un agradecimiento especial a nuestros trabajadores, tenemos una forma especial de trabajo para estos casos, se congrega a la gente de guardia de distribuci\u00f3n, ponemos a disposici\u00f3n lo que tenemos y salen todas las gr\u00faas a trabajar para tratar de levantar el servicio\u201d, precis\u00f3 Villalba.<\/p>\n\n\n\n<p>Diez localidades estuvieron afectadas en esta ocasi\u00f3n y en todos los casos se llevaron a cabo las tareas con el equipo municipal de cada lugar para lograr la restituci\u00f3n del sistema el\u00e9ctrico.<\/p>\n\n\n\n<p>\u201cEn Formosa Capital, tratamos de trabajar lo m\u00e1s pronto posible, Clorinda tambi\u00e9n trabaj\u00f3 de forma ordenada con el municipio, hubo postes transformadores en el suelo, ahora hay unos corredores de aires muy especiales que nos tumba todo\u201d, detall\u00f3 el entendido del tema.<\/p>\n\n\n\n<p>Tambi\u00e9n hubo consecuencias en Laguna Blanca, Laguna Naineck, Palma Sola, Riacho He H\u00e9, Siete Palmas, Buena Vista y El Espinillo.<\/p>\n\n\n\n<p>\u201cEn este momento tenemos el 100% de las localidades, pero no as\u00ed la parte rural, estamos trabajando ahora que se puede entrar, levantando los postes en todas las partes que corresponde a la ex cooperativa de Clorinda, les pedimos un poco de paciencia a esos clientes porque ya salieron equipamientos pesados de Formosa para las distintas localidades del interior\u201d, manifest\u00f3 el encargado del organismo.<\/p>\n\n\n\n<p>Y precis\u00f3 que en Riacho He H\u00e9, se cayeron sesenta postes en la zona rural, para lo cual se mandaron dos gr\u00faas y \u201ccon ayuda del intendente y trabajadores prontamente va a estar en servicio esa parte\u201d.<\/p>\n\n\n\n<p><strong>Consumo responsable de energ\u00eda<\/strong><\/p>\n\n\n\n<p>En otro orden, Villalba solicit\u00f3 a la comunidad en general el uso racional de la energ\u00eda el\u00e9ctrica, porque en esta \u00e9poca del a\u00f1o \u201ces cuando m\u00e1s se consume\u201d y \u201cm\u00e1s viene la factura\u201d.<\/p>\n\n\n\n<p>\u201cHasta el momento no tenemos ninguna variaci\u00f3n en el precio del kilovatio, sigue hasta fin de a\u00f1o, es la normativa nacional vigente del presidente Fern\u00e1ndez que dice que las facturas est\u00e1n sin ning\u00fan tipo de aumento desde hace un a\u00f1o\u201d, resalt\u00f3.<\/p>\n\n\n\n<p>En ese contexto, el ingeniero se\u00f1al\u00f3 que, durante el gobierno nacional anterior, \u201ctuvimos un aumento del costo de energ\u00eda de casi 2,600%, que lo estamos pagando hasta ahora\u201d.<\/p>\n\n\n\n<p>\u201cLa gente tiene que tener memoria de los grandes aumentos en el costo de la energ\u00eda que hubo en el gobierno anterior, grandes problemas tuvimos nosotros en explicar que la generaci\u00f3n y el transporte lo fija la Naci\u00f3n, nosotros tenemos que darle el valor agregado de distribuci\u00f3n al costo de compra que tenemos de la energ\u00eda\u201d, argument\u00f3.<\/p>\n\n\n\n<p>Por \u00faltimo, Villalba expres\u00f3 que el Gobernador Insfr\u00e1n \u201cpide las tarifas diferenciadas para la provincia y tambi\u00e9n para toda la regi\u00f3n NEA\u201d, porque con las altas temperaturas de la zona \u201cse triplica el consumo\u201d.<\/p>\n\n\n\n<p>\u201cPor eso en el periodo estival pedimos una tarifa diferenciada, no solo para Formosa, tambi\u00e9n para el NEA, porque los grandes calores hacen que la gente prenda los equipos\u201d, concluy\u00f3.<\/p>\n","protected":false},"excerpt":{"rendered":"<p>El gerente general de la empresa REFSA Electricidad, Ingeniero Benjam\u00edn Villalba, dialog\u00f3 con AGENFOR y brind\u00f3 detalles acerca de los trabajos que realizaron durante el fin de semana, en el marco de los inconvenientes ocasionados por las inclemencias clim\u00e1ticas; y los que a\u00fan contin\u00faan en el interior de la provincia. En primer lugar record\u00f3 que [&hellip;]<\/p>\n","protected":false},"author":11,"featured_media":50233,"comment_status":"closed","ping_status":"closed","sticky":false,"template":"","format":"standard","meta":{"footnotes":""},"categories":[21],"tags":[],"class_list":["post-50218","post","type-post","status-publish","format-standard","has-post-thumbnail","hentry","category-provinciales"],"_links":{"self":[{"href":"http:\/\/informeformosa.com.ar\/index.php?rest_route=\/wp\/v2\/posts\/50218","targetHints":{"allow":["GET"]}}],"collection":[{"href":"http:\/\/informeformosa.com.ar\/index.php?rest_route=\/wp\/v2\/posts"}],"about":[{"href":"http:\/\/informeformosa.com.ar\/index.php?rest_route=\/wp\/v2\/types\/post"}],"author":[{"embeddable":true,"href":"http:\/\/informeformosa.com.ar\/index.php?rest_route=\/wp\/v2\/users\/11"}],"replies":[{"embeddable":true,"href":"http:\/\/informeformosa.com.ar\/index.php?rest_route=%2Fwp%2Fv2%2Fcomments&post=50218"}],"version-history":[{"count":1,"href":"http:\/\/informeformosa.com.ar\/index.php?rest_route=\/wp\/v2\/posts\/50218\/revisions"}],"predecessor-version":[{"id":50235,"href":"http:\/\/informeformosa.com.ar\/index.php?rest_route=\/wp\/v2\/posts\/50218\/revisions\/50235"}],"wp:featuredmedia":[{"embeddable":true,"href":"http:\/\/informeformosa.com.ar\/index.php?rest_route=\/wp\/v2\/media\/50233"}],"wp:attachment":[{"href":"http:\/\/informeformosa.com.ar\/index.php?rest_route=%2Fwp%2Fv2%2Fmedia&parent=50218"}],"wp:term":[{"taxonomy":"category","embeddable":true,"href":"http:\/\/informeformosa.com.ar\/index.php?rest_route=%2Fwp%2Fv2%2Fcategories&post=50218"},{"taxonomy":"post_tag","embeddable":true,"href":"http:\/\/informeformosa.com.ar\/index.php?rest_route=%2Fwp%2Fv2%2Ftags&post=50218"}],"curies":[{"name":"wp","href":"https:\/\/api.w.org\/{rel}","templated":true}]}}