{"id":50211,"date":"2020-11-16T19:38:50","date_gmt":"2020-11-16T22:38:50","guid":{"rendered":"http:\/\/informeformosa.com.ar\/?p=50211"},"modified":"2020-11-16T19:38:55","modified_gmt":"2020-11-16T22:38:55","slug":"riacho-he-he-trabajan-para-restablecer-la-energia-electrica-en-las-doce-colonias","status":"publish","type":"post","link":"http:\/\/informeformosa.com.ar\/?p=50211","title":{"rendered":"Riacho He H\u00e9: trabajan para restablecer la energ\u00eda el\u00e9ctrica en las doce colonias"},"content":{"rendered":"\n<p>As\u00ed lo confirm\u00f3 el jefe comunal Rub\u00e9n Solalinde, quien en contacto con <strong>AGENFOR<\/strong> estim\u00f3 que la reposici\u00f3n total de los postes y cables demandar\u00e1 al menos unos tres d\u00edas, por lo que el servicio se ir\u00e1 restableciendo por etapas.<\/p>\n\n\n\n<p>En ese contexto, inform\u00f3 que \u201cen estos momentos est\u00e1 llegando un refuerzo de personal de REFSA Electricidad de la ciudad de Formosa, enviado por el gerente Benjam\u00edn Villalba, a quien le agradezco su predisposici\u00f3n. Adem\u00e1s, nos ha enviado una gr\u00faa para reforzar los trabajos, as\u00ed que en las doce colonias que dependen de nuestra jurisdicci\u00f3n ya se empieza a trabajar\u201d desde horas muy tempranas de este lunes.<\/p>\n\n\n\n<p>En tanto, indic\u00f3 que en el casco c\u00e9ntrico el servicio el\u00e9ctrico se logr\u00f3 restituir por completo el domingo por la noche.<\/p>\n\n\n\n<p>Seg\u00fan un relevamiento realizado por la comuna, el intendente riachense detall\u00f3 que el paso de la tormenta dej\u00f3 gran cantidad de \u00e1rboles y ramas arrancadas y unos 70 postes de luz ca\u00eddos en toda la jurisdicci\u00f3n; mientras que en el casco c\u00e9ntrico destruy\u00f3 entre 40 a 50 equipos lum\u00ednicos y el 50% de las luces LED de la plaza.<\/p>\n\n\n\n<p>Asimismo, se registraron nueve casas da\u00f1adas, de ellas dos familias tuvieron que dejar su hogar para trasladarse a otro lugar; pero subray\u00f3 que no hubo ninguna persona lesionada.<\/p>\n\n\n\n<p>A\u00f1adi\u00f3 que Riacho al ser una localidad con una amplia jurisdicci\u00f3n con doce colonias, se sigue haciendo el relevamiento de los da\u00f1os, que luego se elevar\u00e1 a Defensa Civil.<\/p>\n\n\n\n<p>Rub\u00e9n Solalinde adem\u00e1s expres\u00f3 su agradecimiento hacia el gobernador Gildo Insfr\u00e1n, \u201cpor la inmediata respuesta de todos los organismos del Estado, as\u00ed como del diputado Carlos Hugo Insfr\u00e1n\u201d ante esta situaci\u00f3n de emergencia; y por supuesto no olvid\u00f3 mencionar a nivel local el incansable trabajo de los compa\u00f1eros municipales, quienes desde el s\u00e1bado a la noche, se encuentran trabajando acompa\u00f1ados por la Polic\u00eda, del SPAP local, de Refsa y Vialidad Provincial, para solucionar todos los inconvenientes.&nbsp;<\/p>\n\n\n\n<p>A ellos, agreg\u00f3 tambi\u00e9n el apoyo de voluntarios y vecinos que colaboran con las tareas.<\/p>\n\n\n\n<p>Por \u00faltimo, destac\u00f3 que la lluvia signific\u00f3 una bendici\u00f3n especialmente para la producci\u00f3n: \u201cCayeron 110 mil\u00edmetros que sirvi\u00f3 para aplacar las necesidades tanto para el uso humano como para la cosecha de los distintos cultivos de la zona\u201d.<\/p>\n\n\n\n<p><\/p>\n","protected":false},"excerpt":{"rendered":"<p>As\u00ed lo confirm\u00f3 el jefe comunal Rub\u00e9n Solalinde, quien en contacto con AGENFOR estim\u00f3 que la reposici\u00f3n total de los postes y cables demandar\u00e1 al menos unos tres d\u00edas, por lo que el servicio se ir\u00e1 restableciendo por etapas. En ese contexto, inform\u00f3 que \u201cen estos momentos est\u00e1 llegando un refuerzo de personal de REFSA [&hellip;]<\/p>\n","protected":false},"author":11,"featured_media":50216,"comment_status":"closed","ping_status":"closed","sticky":false,"template":"","format":"standard","meta":{"footnotes":""},"categories":[11],"tags":[],"class_list":["post-50211","post","type-post","status-publish","format-standard","has-post-thumbnail","hentry","category-interior"],"_links":{"self":[{"href":"http:\/\/informeformosa.com.ar\/index.php?rest_route=\/wp\/v2\/posts\/50211","targetHints":{"allow":["GET"]}}],"collection":[{"href":"http:\/\/informeformosa.com.ar\/index.php?rest_route=\/wp\/v2\/posts"}],"about":[{"href":"http:\/\/informeformosa.com.ar\/index.php?rest_route=\/wp\/v2\/types\/post"}],"author":[{"embeddable":true,"href":"http:\/\/informeformosa.com.ar\/index.php?rest_route=\/wp\/v2\/users\/11"}],"replies":[{"embeddable":true,"href":"http:\/\/informeformosa.com.ar\/index.php?rest_route=%2Fwp%2Fv2%2Fcomments&post=50211"}],"version-history":[{"count":1,"href":"http:\/\/informeformosa.com.ar\/index.php?rest_route=\/wp\/v2\/posts\/50211\/revisions"}],"predecessor-version":[{"id":50219,"href":"http:\/\/informeformosa.com.ar\/index.php?rest_route=\/wp\/v2\/posts\/50211\/revisions\/50219"}],"wp:featuredmedia":[{"embeddable":true,"href":"http:\/\/informeformosa.com.ar\/index.php?rest_route=\/wp\/v2\/media\/50216"}],"wp:attachment":[{"href":"http:\/\/informeformosa.com.ar\/index.php?rest_route=%2Fwp%2Fv2%2Fmedia&parent=50211"}],"wp:term":[{"taxonomy":"category","embeddable":true,"href":"http:\/\/informeformosa.com.ar\/index.php?rest_route=%2Fwp%2Fv2%2Fcategories&post=50211"},{"taxonomy":"post_tag","embeddable":true,"href":"http:\/\/informeformosa.com.ar\/index.php?rest_route=%2Fwp%2Fv2%2Ftags&post=50211"}],"curies":[{"name":"wp","href":"https:\/\/api.w.org\/{rel}","templated":true}]}}