{"id":50205,"date":"2020-11-16T19:32:27","date_gmt":"2020-11-16T22:32:27","guid":{"rendered":"http:\/\/informeformosa.com.ar\/?p=50205"},"modified":"2020-11-16T19:32:31","modified_gmt":"2020-11-16T22:32:31","slug":"formosa-conmemora-el-dia-mundial-del-prematuro","status":"publish","type":"post","link":"http:\/\/informeformosa.com.ar\/?p=50205","title":{"rendered":"Formosa conmemora el D\u00eda Mundial del Prematuro"},"content":{"rendered":"\n<p>Desde el 2009, cada 17 de noviembre se celebra a, nivel mundial, el D\u00eda del Prematuro, iniciativa que fue ampliada por Unicef, para que la conmemoraci\u00f3n se extendiera a lo largo de una semana, debido al exponencial aumento de ni\u00f1os con prematurez, que ten\u00edan cada vez m\u00e1s sobrevida.<\/p>\n\n\n\n<p>En todo el mundo, esta fecha apunta a crear conciencia sobre la problem\u00e1tica que representa la prematurez y los riesgos que trae a la salud. Asimismo, a la importancia que tiene prevenir los partos antes de t\u00e9rmino, a trav\u00e9s de los cuidados; como tambi\u00e9n a ayudar a los ni\u00f1os y a sus familias para que puedan superar con \u00e9xito esta circunstancia.<\/p>\n\n\n\n<p>Un ni\u00f1o es prematuro cuando nace antes de la semana 37. Desde salud se trabaja, constantemente, para reducir esta condici\u00f3n que puede alterar el desarrollo del ni\u00f1o, reforzando los controles, mejorando la pesquisa y la detecci\u00f3n de enfermedades que puede sufrir la mam\u00e1 durante el embarazo, ya que muchos de los nacimientos de prematuros, tienen su origen en mam\u00e1s con problemas de salud no detectados tempranamente.<\/p>\n\n\n\n<p>El&nbsp;Fondo de las Naciones Unidas para la Infancia (Unicef),&nbsp;emiti\u00f3 el Dec\u00e1logo de los Derechos del Prematuro y su Familia. Eligi\u00f3 una semana de noviembre para hacer hincapi\u00e9 en su difusi\u00f3n y concientizar a la poblaci\u00f3n en general, sobre la problem\u00e1tica que representa la principal causa de ingreso a las unidades de cuidados intensivos neonatales y que ejerce una marcada influencia sobre la mortalidad infantil.<\/p>\n\n\n\n<p>El Ministerio de Desarrollo Humano, a trav\u00e9s de la Direcci\u00f3n de Maternidad e Infancia y Adolescencia, con distintos programas y \u00e1reas de salud que intervienen en la atenci\u00f3n del prematuro, adhiere a dicha conmemoraci\u00f3n, por medio de m\u00faltiples actividades, que se est\u00e1n llevando a cabo desde ayer, lunes 16, y se extender\u00e1n hasta el pr\u00f3ximo 21 de noviembre.<\/p>\n\n\n\n<p><em>Cronograma<\/em><\/p>\n\n\n\n<p>Con el lema \u201cRecordando los derechos del prematuro en pandemia\u201d, teniendo en cuenta el especial contexto que se atraviesa a nivel mundial, est\u00e1n programadas una serie de actividades que apuntan, principalmente, a recordar y respetar los derechos del prematuro en la situaci\u00f3n de pandemia.<\/p>\n\n\n\n<p>El Programa del Reci\u00e9n Nacido de Alto Riesgo, inici\u00f3 este lunes, a las 11 horas, una ronda de charlas v\u00eda Zoom, que se repetir\u00e1n el mi\u00e9rcoles 18 y el viernes 20 a la misma hora.<\/p>\n\n\n\n<p>El objetivo de estos encuentros virtuales es \u201cprofundizar los conocimientos en cuanto a la evaluaci\u00f3n del desarrollo neurol\u00f3gico del ni\u00f1o prematuro\u201d, se\u00f1al\u00f3 la jefa del citado programa de salud. Y a\u00f1adi\u00f3 que, est\u00e1n dirigidos a todos los profesionales que integran los equipos de los centros de salud y hospitales de la provincia.<\/p>\n\n\n\n<p>Por su parte, desde el Departamento de Docencia e Investigaci\u00f3n del hospital de la Madre y el Ni\u00f1o, fueron planificadas m\u00faltiples actividades, en conjunto con la Residencia de Enfermer\u00eda Cr\u00edtica y los servicios de Nutrici\u00f3n, Neonatolog\u00eda, Alta Conjunta y Alto Riesgo; las cuales est\u00e1n destinadas a mejorar la calidad de atenci\u00f3n y promover los cuidados del prematuro y, al mismo tiempo, disminuir el desarrollo de patolog\u00edas que puedan presentarse.<\/p>\n\n\n\n<p>\u201cParticipamos los distintos servicios que estamos involucrados en los cuidados de los m\u00e1s peque\u00f1os, en condici\u00f3n de prematuros. La finalidad es concientizar sobre la problem\u00e1tica de la prematurez y su prevenci\u00f3n\u201d, explic\u00f3 la referente del Departamento de Docencia e Investigaci\u00f3n del nosocomio.<\/p>\n\n\n\n<p>A\u00f1adi\u00f3 que, \u201clas distintas actividades est\u00e1n dirigidas a las familias que tienen sus ni\u00f1os internados en el Servicio de Neonatolog\u00eda e Internaci\u00f3n Conjunta, los que asisten al consultorio de Seguimiento de Alto Riesgo; y al personal que tiene a cargo el cuidado y monitoreo de estos ni\u00f1os\u201d.<\/p>\n\n\n\n<p>Y aclar\u00f3 que, los encuentros \u201cser\u00e1n de hasta 10 personas por vez, con todos los protocolos establecidos: toma de temperatura para ingresar, uso del barbijo, distancia f\u00edsica e higiene de manos\u201d.<\/p>\n\n\n\n<p>Hoy martes, a las 9 horas, en el centro de extracci\u00f3n de leche (lactario), se har\u00e1 un homenaje a las madres que acuden a este servicio, con una chocolateada que ser\u00e1 acompa\u00f1ada por consejer\u00eda de los profesionales.<\/p>\n\n\n\n<p>En tanto que, el mi\u00e9rcoles 18, a las 11 horas, se brindar\u00e1 una charla en \u201cLa Casita\u201d, desde la cual se dar\u00e1n recomendaciones sobre los cuidados del prematuro a partir del alta m\u00e9dica.<\/p>\n\n\n\n<p>El jueves 19, a las 10.30 horas, se dar\u00e1 una capacitaci\u00f3n en servicio, que tendr\u00e1 lugar en el sector de neonatolog\u00eda, donde se repasaran las estrategias para disminuir el desarrollo de la retinopat\u00eda del prematuro. Y a partir de las 13 horas, se dar\u00e1 una charla sobre el rol de la enfermer\u00eda en la lactancia materna y en los cuidados del prematuro.<\/p>\n\n\n\n<p>Para concluir, el viernes 20 a las 11 horas, en la sala de espera del servicio de Nutrici\u00f3n, se ofrecer\u00e1 un agasajo a las madres de los ni\u00f1os prematuros internados. Y a las 11.30 horas se har\u00e1 un homenaje, a los enfermeros destacados en estos a\u00f1os en los cuidados del prematuro.<\/p>\n","protected":false},"excerpt":{"rendered":"<p>Desde el 2009, cada 17 de noviembre se celebra a, nivel mundial, el D\u00eda del Prematuro, iniciativa que fue ampliada por Unicef, para que la conmemoraci\u00f3n se extendiera a lo largo de una semana, debido al exponencial aumento de ni\u00f1os con prematurez, que ten\u00edan cada vez m\u00e1s sobrevida. En todo el mundo, esta fecha apunta [&hellip;]<\/p>\n","protected":false},"author":11,"featured_media":50212,"comment_status":"closed","ping_status":"closed","sticky":false,"template":"","format":"standard","meta":{"footnotes":""},"categories":[12],"tags":[],"class_list":["post-50205","post","type-post","status-publish","format-standard","has-post-thumbnail","hentry","category-salud"],"_links":{"self":[{"href":"http:\/\/informeformosa.com.ar\/index.php?rest_route=\/wp\/v2\/posts\/50205","targetHints":{"allow":["GET"]}}],"collection":[{"href":"http:\/\/informeformosa.com.ar\/index.php?rest_route=\/wp\/v2\/posts"}],"about":[{"href":"http:\/\/informeformosa.com.ar\/index.php?rest_route=\/wp\/v2\/types\/post"}],"author":[{"embeddable":true,"href":"http:\/\/informeformosa.com.ar\/index.php?rest_route=\/wp\/v2\/users\/11"}],"replies":[{"embeddable":true,"href":"http:\/\/informeformosa.com.ar\/index.php?rest_route=%2Fwp%2Fv2%2Fcomments&post=50205"}],"version-history":[{"count":1,"href":"http:\/\/informeformosa.com.ar\/index.php?rest_route=\/wp\/v2\/posts\/50205\/revisions"}],"predecessor-version":[{"id":50213,"href":"http:\/\/informeformosa.com.ar\/index.php?rest_route=\/wp\/v2\/posts\/50205\/revisions\/50213"}],"wp:featuredmedia":[{"embeddable":true,"href":"http:\/\/informeformosa.com.ar\/index.php?rest_route=\/wp\/v2\/media\/50212"}],"wp:attachment":[{"href":"http:\/\/informeformosa.com.ar\/index.php?rest_route=%2Fwp%2Fv2%2Fmedia&parent=50205"}],"wp:term":[{"taxonomy":"category","embeddable":true,"href":"http:\/\/informeformosa.com.ar\/index.php?rest_route=%2Fwp%2Fv2%2Fcategories&post=50205"},{"taxonomy":"post_tag","embeddable":true,"href":"http:\/\/informeformosa.com.ar\/index.php?rest_route=%2Fwp%2Fv2%2Ftags&post=50205"}],"curies":[{"name":"wp","href":"https:\/\/api.w.org\/{rel}","templated":true}]}}