{"id":50204,"date":"2020-11-16T19:30:50","date_gmt":"2020-11-16T22:30:50","guid":{"rendered":"http:\/\/informeformosa.com.ar\/?p=50204"},"modified":"2020-11-16T19:30:53","modified_gmt":"2020-11-16T22:30:53","slug":"el-espinillo-temporal-de-viento-y-lluvia-provoco-caidas-de-arboles-voladura-de-postes-y-techos","status":"publish","type":"post","link":"http:\/\/informeformosa.com.ar\/?p=50204","title":{"rendered":"El Espinillo: Temporal de viento y lluvia provoc\u00f3 ca\u00eddas de \u00e1rboles,  voladura de postes y techos"},"content":{"rendered":"\n<p><em>El intendente de El Espinillo, Carlos Sotelo, coment\u00f3 que tras el temporal que afect\u00f3 a la localidad, desde el municipio, la Polic\u00eda y REFSA se trabaja de manera coordinada en la asistencia a las familias y para normalizar el servicio de energ\u00eda cuanto antes.<\/em><\/p>\n\n\n\n<p>\u201cLos primeros barrios en ser socorridos fueron el Juan Domingo Per\u00f3n, Santa Rita, Gendarmer\u00eda, 8 de Diciembre, YPF, Centro, San Carlos, y las colonias El Ceibo, Loro Cu\u00e9. En cuanto al servicio de energ\u00eda el\u00e9ctrica, en la zona urbana se normaliz\u00f3 desde la madrugada del s\u00e1bado, mientras que en las colonias se restablecer\u00e1 en el transcurso de este lunes y martes por la ma\u00f1ana\u201d, inform\u00f3 Sotelo.<\/p>\n\n\n\n<p>Asimismo, aclar\u00f3 que el personal de Obras P\u00fablicas y la cuadrilla municipal est\u00e1n abocados a la reparaci\u00f3n de las viviendas da\u00f1adas, dando prioridad a las familias en situaci\u00f3n de vulnerabilidad, madres solteras y personas con problemas de salud: \u201cSe acomodaron algunos \u00e1rboles que estaban en las calles y obstru\u00edan la circulaci\u00f3n y este domingo por la ma\u00f1ana y con la luz del d\u00eda se pudo concretar m\u00e1s trabajos, asistimos a las familias que tuvieron da\u00f1os en sus viviendas para resguardarlas del temporal que continu\u00f3 por varias horas del d\u00eda domingo\u201d.<\/p>\n\n\n\n<p>\u201cLos fuertes vientos produjeron da\u00f1os materiales, ca\u00edda de \u00e1rboles y de <strong>postes<\/strong> de tendido el\u00e9ctrico en la zona urbana y rural. Tambi\u00e9n da\u00f1os en casas particulares e instalaciones y en un tinglado de grandes dimensiones ubicado en el acceso que es parte de una obra en construcci\u00f3n pero nadie estaba all\u00ed y tampoco tenemos que lamentar ninguna persona herida ni con lesiones en Espinillo\u201d, continu\u00f3 el jefe comunal.<\/p>\n\n\n\n<p>Para finalizar, puso de relieve el trabajo mancomunado con REFSA, el cual se realiza \u201ccon mucha precauci\u00f3n y cuidado\u201d ya que los postes est\u00e1n da\u00f1ados y pueden ser peligrosos, a la vez, Sotelo remarc\u00f3 el trabajo de la polic\u00eda que \u201cacudi\u00f3 a los llamados en los diferentes barrios de la localidad ayudando a la poblaci\u00f3n junto al personal municipal\u201d.<\/p>\n","protected":false},"excerpt":{"rendered":"<p>El intendente de El Espinillo, Carlos Sotelo, coment\u00f3 que tras el temporal que afect\u00f3 a la localidad, desde el municipio, la Polic\u00eda y REFSA se trabaja de manera coordinada en la asistencia a las familias y para normalizar el servicio de energ\u00eda cuanto antes. \u201cLos primeros barrios en ser socorridos fueron el Juan Domingo Per\u00f3n, [&hellip;]<\/p>\n","protected":false},"author":11,"featured_media":50208,"comment_status":"closed","ping_status":"closed","sticky":false,"template":"","format":"standard","meta":{"footnotes":""},"categories":[11],"tags":[],"class_list":["post-50204","post","type-post","status-publish","format-standard","has-post-thumbnail","hentry","category-interior"],"_links":{"self":[{"href":"http:\/\/informeformosa.com.ar\/index.php?rest_route=\/wp\/v2\/posts\/50204","targetHints":{"allow":["GET"]}}],"collection":[{"href":"http:\/\/informeformosa.com.ar\/index.php?rest_route=\/wp\/v2\/posts"}],"about":[{"href":"http:\/\/informeformosa.com.ar\/index.php?rest_route=\/wp\/v2\/types\/post"}],"author":[{"embeddable":true,"href":"http:\/\/informeformosa.com.ar\/index.php?rest_route=\/wp\/v2\/users\/11"}],"replies":[{"embeddable":true,"href":"http:\/\/informeformosa.com.ar\/index.php?rest_route=%2Fwp%2Fv2%2Fcomments&post=50204"}],"version-history":[{"count":1,"href":"http:\/\/informeformosa.com.ar\/index.php?rest_route=\/wp\/v2\/posts\/50204\/revisions"}],"predecessor-version":[{"id":50210,"href":"http:\/\/informeformosa.com.ar\/index.php?rest_route=\/wp\/v2\/posts\/50204\/revisions\/50210"}],"wp:featuredmedia":[{"embeddable":true,"href":"http:\/\/informeformosa.com.ar\/index.php?rest_route=\/wp\/v2\/media\/50208"}],"wp:attachment":[{"href":"http:\/\/informeformosa.com.ar\/index.php?rest_route=%2Fwp%2Fv2%2Fmedia&parent=50204"}],"wp:term":[{"taxonomy":"category","embeddable":true,"href":"http:\/\/informeformosa.com.ar\/index.php?rest_route=%2Fwp%2Fv2%2Fcategories&post=50204"},{"taxonomy":"post_tag","embeddable":true,"href":"http:\/\/informeformosa.com.ar\/index.php?rest_route=%2Fwp%2Fv2%2Ftags&post=50204"}],"curies":[{"name":"wp","href":"https:\/\/api.w.org\/{rel}","templated":true}]}}