{"id":50203,"date":"2020-11-16T19:29:50","date_gmt":"2020-11-16T22:29:50","guid":{"rendered":"http:\/\/informeformosa.com.ar\/?p=50203"},"modified":"2020-11-16T19:29:53","modified_gmt":"2020-11-16T22:29:53","slug":"conversatorio-virtual-sobre-la-esi-destinado-a-estudiantes","status":"publish","type":"post","link":"http:\/\/informeformosa.com.ar\/?p=50203","title":{"rendered":"Conversatorio virtual sobre la ESI destinado a estudiantes"},"content":{"rendered":"\n<p>Este mi\u00e9rcoles 18, a las 17 horas, el Ministerio de Cultura y Educaci\u00f3n de la provincia realizar\u00e1 el conversatorio virtual \u201cHablemos de Educaci\u00f3n Sexual Integral: El Cuidado del Cuerpo y la Salud\u201d.<\/p>\n\n\n\n<p>Se trata de un espacio de encuentro y participaci\u00f3n, destinado a estudiantes de los Niveles Secundario y Superior, que se desarrollar\u00e1 a trav\u00e9s de la plataforma Zoom con transmisi\u00f3n online en vivo desde la p\u00e1gina de Facebook de la cartera educativa. &nbsp;<\/p>\n\n\n\n<p>Al respecto, en contacto con&nbsp;<strong>AGENFOR<\/strong>, el profesor Sebasti\u00e1n Rossi, integrante del equipo t\u00e9cnico del Programa Provincial de ESI, destac\u00f3 que \u201cFormosa fue una de las primeras provincias que se adhiri\u00f3 al Programa Nacional de ESI y a la Ley 26.150\u201d.<\/p>\n\n\n\n<p>\u201cDesde el a\u00f1o 2012, la provincia viene desarrollando un trabajo sistem\u00e1tico en lo que es la capacitaci\u00f3n de nuestros docentes en tem\u00e1ticas referidas a la ESI\u201d, puso de resalto.<\/p>\n\n\n\n<p>En ese sentido, subray\u00f3 que \u201ccasi 7000 docentes de todo el territorio provincial de las 19 Delegaciones se fueron capacitando en tem\u00e1ticas espec\u00edficas\u201d.<\/p>\n\n\n\n<p>Refiri\u00f3 que \u201ccomo programa tenemos objetivos espec\u00edficos, los cuales son la formaci\u00f3n docente, el acompa\u00f1amiento y el monitoreo en todas las escuelas a los fines de la implementaci\u00f3n por niveles de la Educaci\u00f3n Sexual Integral\u201d, marcando que \u201ctanto la ley como nuestros dise\u00f1os curriculares tienen un claro enfoque pedag\u00f3gico de la ESI; est\u00e1 secuenciada de acuerdo a la edad evolutiva y cognitiva de los y las estudiantes\u201d.<\/p>\n\n\n\n<p>\u201cLa sexualidad es algo que nos interpela como seres humanos, entonces al principio hubo un poco de resistencia, tal vez por desconocimiento, pero despu\u00e9s eso fue cambiando luego de que las escuelas hicieran sus jornadas de capacitaci\u00f3n docente y los encuentros con las familias para explicar c\u00f3mo se aborda, con qu\u00e9 enfoque y cu\u00e1les son los saberes que aprenden en los diferentes niveles educativos\u201d, puntualiz\u00f3.<\/p>\n\n\n\n<p><strong>Derecho<\/strong><\/p>\n\n\n\n<p>A su vez, Rossi explic\u00f3 que \u201ceste a\u00f1o, a ra\u00edz de la pandemia y el aislamiento social, el Ministerio de Educaci\u00f3n, a fin de dar cumplimiento a lo establecido en las leyes nacionales y las normativas provinciales que establecen a la ESI como un derecho es que desde el Programa ESI y la Direcci\u00f3n de Planeamiento, desde donde se ejecuta el mismo, se realiz\u00f3 primeramente una encuesta dirigida a estudiantes secundarios para favorecer la participaci\u00f3n juvenil en tem\u00e1ticas referidas a la sexualidad\u201d.<\/p>\n\n\n\n<p>De estas encuestas, seg\u00fan apunt\u00f3 a esta Agencia, \u201cpudimos recoger cierta informaci\u00f3n sobre las tem\u00e1ticas que les interesan a nuestros adolescentes y j\u00f3venes y en funci\u00f3n de eso se hicieron conversatorios sobre la ESI como derecho y desde la perspectiva de g\u00e9nero\u201d.<\/p>\n\n\n\n<p>Ahora, este mi\u00e9rcoles se har\u00e1 el conversatorio concerniente al cuidado del cuerpo y la salud con estudiantes del Secundario y del Nivel Superior.<\/p>\n\n\n\n<p>\u201cEn estas actividades notamos la necesidad de nuestros adolescentes de seguir hablando de estos temas. Si bien la ESI se visibiliz\u00f3 bastante en la provincia, todav\u00eda nos queda un camino que recorrer, teniendo en cuenta que en las encuestas que realizamos el 97% de los estudiantes manifiestan que es importante continuar trabajando estas tem\u00e1ticas dentro de la escuela\u201d, concluy\u00f3.&nbsp;<\/p>\n","protected":false},"excerpt":{"rendered":"<p>Este mi\u00e9rcoles 18, a las 17 horas, el Ministerio de Cultura y Educaci\u00f3n de la provincia realizar\u00e1 el conversatorio virtual \u201cHablemos de Educaci\u00f3n Sexual Integral: El Cuidado del Cuerpo y la Salud\u201d. Se trata de un espacio de encuentro y participaci\u00f3n, destinado a estudiantes de los Niveles Secundario y Superior, que se desarrollar\u00e1 a trav\u00e9s [&hellip;]<\/p>\n","protected":false},"author":11,"featured_media":50206,"comment_status":"closed","ping_status":"closed","sticky":false,"template":"","format":"standard","meta":{"footnotes":""},"categories":[4],"tags":[],"class_list":["post-50203","post","type-post","status-publish","format-standard","has-post-thumbnail","hentry","category-educacion"],"_links":{"self":[{"href":"http:\/\/informeformosa.com.ar\/index.php?rest_route=\/wp\/v2\/posts\/50203","targetHints":{"allow":["GET"]}}],"collection":[{"href":"http:\/\/informeformosa.com.ar\/index.php?rest_route=\/wp\/v2\/posts"}],"about":[{"href":"http:\/\/informeformosa.com.ar\/index.php?rest_route=\/wp\/v2\/types\/post"}],"author":[{"embeddable":true,"href":"http:\/\/informeformosa.com.ar\/index.php?rest_route=\/wp\/v2\/users\/11"}],"replies":[{"embeddable":true,"href":"http:\/\/informeformosa.com.ar\/index.php?rest_route=%2Fwp%2Fv2%2Fcomments&post=50203"}],"version-history":[{"count":1,"href":"http:\/\/informeformosa.com.ar\/index.php?rest_route=\/wp\/v2\/posts\/50203\/revisions"}],"predecessor-version":[{"id":50207,"href":"http:\/\/informeformosa.com.ar\/index.php?rest_route=\/wp\/v2\/posts\/50203\/revisions\/50207"}],"wp:featuredmedia":[{"embeddable":true,"href":"http:\/\/informeformosa.com.ar\/index.php?rest_route=\/wp\/v2\/media\/50206"}],"wp:attachment":[{"href":"http:\/\/informeformosa.com.ar\/index.php?rest_route=%2Fwp%2Fv2%2Fmedia&parent=50203"}],"wp:term":[{"taxonomy":"category","embeddable":true,"href":"http:\/\/informeformosa.com.ar\/index.php?rest_route=%2Fwp%2Fv2%2Fcategories&post=50203"},{"taxonomy":"post_tag","embeddable":true,"href":"http:\/\/informeformosa.com.ar\/index.php?rest_route=%2Fwp%2Fv2%2Ftags&post=50203"}],"curies":[{"name":"wp","href":"https:\/\/api.w.org\/{rel}","templated":true}]}}