{"id":50195,"date":"2020-11-16T19:22:04","date_gmt":"2020-11-16T22:22:04","guid":{"rendered":"http:\/\/informeformosa.com.ar\/?p=50195"},"modified":"2020-11-16T19:23:12","modified_gmt":"2020-11-16T22:23:12","slug":"los-actos-de-egresados-2020-ya-tienen-protocolo","status":"publish","type":"post","link":"http:\/\/informeformosa.com.ar\/?p=50195","title":{"rendered":"Los actos de Egresados 2020 ya tienen protocolo"},"content":{"rendered":"\n<p>En este sentido, se estableci\u00f3 que a partir del 16 de diciembre los actos podr\u00e1n realizarse pero en un formato breve, en turnos de ma\u00f1ana o tarde, con grupos de no m\u00e1s de 12 estudiantes y teniendo en cuenta el espacio con el que cuenta la instituci\u00f3n. Asimismo, los flamantes egresados podr\u00e1n ir acompa\u00f1ados por uno o dos tutores, seg\u00fan lo establezca cada directivo.&nbsp;<\/p>\n\n\n\n<p>En lo que respecta al Nivel Inicial, estar\u00e1 permitido para las ni\u00f1as y ni\u00f1os de las salas de cinco a\u00f1os, mientras que en los niveles Primario y Secundario solo asistir\u00e1n los estudiantes del 6\u00b0 grado, 6\u00b0 a\u00f1o y 7\u00b0 a\u00f1o, respectivamente.<\/p>\n\n\n\n<p>En caso de que el establecimiento educativo cuente con polideportivo techado u otro lugar al aire libre, desde el Ministerio sugieren su utilizaci\u00f3n, respetando en todos los casos, la distancia entre sillas y asistentes.<\/p>\n\n\n\n<p>Cabe se\u00f1alar que los horarios deber\u00e1n ser comunicados a la autoridad inmediata superior del Ministerio de Cultura y Educaci\u00f3n, como as\u00ed tambi\u00e9nal Centro de Salud de referencia y a la dependencia policial del barrio o localidad para garantizar los protocolos sanitarios por coronavirus. En cuanto a las invitaciones a otros organismos (situaci\u00f3n que se da especialmente en el interior), sugieren acordar con ellos el acto al que acompa\u00f1ar\u00e1n e informar convenientemente el horario.<\/p>\n\n\n\n<p>Se se\u00f1al\u00f3 que el formato del acto \u201ces breve\u201dy consistir\u00e1 en el ingreso de los y las estudiantes qui\u00e9nes ocupar\u00e1n su lugar respetando las distancias de 2 metros, mientras que las palabras alusivas estar\u00e1n a cargo del director o directora, docente, padre, madre, o tutor.<\/p>\n\n\n\n<p>Se puntualiz\u00f3 adem\u00e1s que las Banderas de Ceremonias ocupar\u00e1n un lugar de relevancia, ya sea en el escenario u otro espacio elegido, pero en soportes; a la vez, como las actividades corales se encuentran suspendidas, no se entonar\u00e1n las canciones patrias ni de otra \u00edndole.<\/p>\n\n\n\n<p>Cada Direcci\u00f3n de Nivel o Departamento podr\u00e1 determinar las adecuaciones que considere oportunas siempre que se cumpla el distanciamiento Social, Preventivo y Obligatorio, as\u00ed como las pautas establecidas por el Consejo de Atenci\u00f3n Integral de Emergencia COVID-19.<\/p>\n\n\n\n<p>Por su parte, Juan Meza, el director de Educaci\u00f3n Primaria de Formosa, se mostr\u00f3 complacido por los lineamientos ya que \u201cnuestros chicos esperaban esta noticia\u201d.<\/p>\n\n\n\n<p>En este contexto, precis\u00f3 que \u201ceste 16 de diciembre culminar\u00e1 el Ciclo Lectivo 2020 y se podr\u00e1, bajo protocolo sanitario, realizar los actos para nuestros egresados y egresadas\u201d.<\/p>\n\n\n\n<p>\u201cEn el caso de la escuela primaria, me corresponden los sextos grados de toda la provincia y ac\u00e1 quiero destacar que gracias a la participaci\u00f3n permanente de varios actores, el ciclo lectivo escolar 2020 no est\u00e1 perdido y nuestros ni\u00f1os y ni\u00f1as llegan a un feliz t\u00e9rmino\u201d, subray\u00f3 Meza en contacto con <a><strong>Agenfor.<\/strong><\/a><\/p>\n\n\n\n<p>Asimismo, destac\u00f3 al Gobierno de Formosa, el cual \u201ca trav\u00e9s de sus pol\u00edticas p\u00fablicas garantiz\u00f3 la salud y la vida de nuestros chicos y docentes\u201d.<\/p>\n\n\n\n<p>En cuanto al Nivel Inicial, el director coment\u00f3 que los turnos de actos deber\u00e1n ser realizados con las mismas caracter\u00edsticas en cuanto a la ornamentaci\u00f3n y los detalles organizativos, \u201csin diferencias entre uno y otro\u201d, y que \u201cno podr\u00e1n asistir m\u00e1s de 12 egresados. Luego se escuchar\u00e1n las palabras alusivas del director o docente e inmediatamente se proceder\u00e1 a la entrega de certificados\u201d.<\/p>\n\n\n\n<p>Sobre el final, remarc\u00f3 que cada egresado y egresada, podr\u00e1 contar con la compa\u00f1\u00eda de un tutor y si el establecimiento educativo es amplio, por dos: madre, padre o tutor. \u201cSabemos que el acompa\u00f1amiento de los padres es fundamental, pero tenemos que respetar las medidas y evitar la aglomeraci\u00f3n de personas\u201d.&nbsp;<\/p>\n","protected":false},"excerpt":{"rendered":"<p>En este sentido, se estableci\u00f3 que a partir del 16 de diciembre los actos podr\u00e1n realizarse pero en un formato breve, en turnos de ma\u00f1ana o tarde, con grupos de no m\u00e1s de 12 estudiantes y teniendo en cuenta el espacio con el que cuenta la instituci\u00f3n. Asimismo, los flamantes egresados podr\u00e1n ir acompa\u00f1ados por [&hellip;]<\/p>\n","protected":false},"author":11,"featured_media":50199,"comment_status":"closed","ping_status":"closed","sticky":false,"template":"","format":"standard","meta":{"footnotes":""},"categories":[4],"tags":[],"class_list":["post-50195","post","type-post","status-publish","format-standard","has-post-thumbnail","hentry","category-educacion"],"_links":{"self":[{"href":"http:\/\/informeformosa.com.ar\/index.php?rest_route=\/wp\/v2\/posts\/50195","targetHints":{"allow":["GET"]}}],"collection":[{"href":"http:\/\/informeformosa.com.ar\/index.php?rest_route=\/wp\/v2\/posts"}],"about":[{"href":"http:\/\/informeformosa.com.ar\/index.php?rest_route=\/wp\/v2\/types\/post"}],"author":[{"embeddable":true,"href":"http:\/\/informeformosa.com.ar\/index.php?rest_route=\/wp\/v2\/users\/11"}],"replies":[{"embeddable":true,"href":"http:\/\/informeformosa.com.ar\/index.php?rest_route=%2Fwp%2Fv2%2Fcomments&post=50195"}],"version-history":[{"count":1,"href":"http:\/\/informeformosa.com.ar\/index.php?rest_route=\/wp\/v2\/posts\/50195\/revisions"}],"predecessor-version":[{"id":50198,"href":"http:\/\/informeformosa.com.ar\/index.php?rest_route=\/wp\/v2\/posts\/50195\/revisions\/50198"}],"wp:featuredmedia":[{"embeddable":true,"href":"http:\/\/informeformosa.com.ar\/index.php?rest_route=\/wp\/v2\/media\/50199"}],"wp:attachment":[{"href":"http:\/\/informeformosa.com.ar\/index.php?rest_route=%2Fwp%2Fv2%2Fmedia&parent=50195"}],"wp:term":[{"taxonomy":"category","embeddable":true,"href":"http:\/\/informeformosa.com.ar\/index.php?rest_route=%2Fwp%2Fv2%2Fcategories&post=50195"},{"taxonomy":"post_tag","embeddable":true,"href":"http:\/\/informeformosa.com.ar\/index.php?rest_route=%2Fwp%2Fv2%2Ftags&post=50195"}],"curies":[{"name":"wp","href":"https:\/\/api.w.org\/{rel}","templated":true}]}}